{"id":64,"date":"2025-11-25T15:18:41","date_gmt":"2025-11-25T14:18:41","guid":{"rendered":"https:\/\/www.geolitho.eu\/es\/?p=64"},"modified":"2026-01-16T10:11:23","modified_gmt":"2026-01-16T09:11:23","slug":"cambio-de-socios-y-directores-en-la-fundacion-geolitho-ggmbh-geolitho-stidftung-ggmbh","status":"publish","type":"post","link":"https:\/\/www.geolitho.eu\/es\/2025\/11\/25\/cambio-de-socios-y-directores-en-la-fundacion-geolitho-ggmbh-geolitho-stidftung-ggmbh\/","title":{"rendered":"Cambio de socios y directores en la Fundaci\u00f3n Geolitho gGmbH (Geolitho Stiftung gGmbH)"},"content":{"rendered":"\n<h2 class=\"wp-block-heading\">Cambio de socios y directores en la Fundaci\u00f3n Geolitho gGmbH<\/h2>\n\n\n\n<p>Despu\u00e9s de casi cua\u00adtro a\u00f1os de inten\u00adsa labor vol\u00adun\u00adtaria, <strong class>Dr.&nbsp;Man\u00adfred&nbsp;Seitz<\/strong>, cofun\u00addador y has\u00adta aho\u00adra direc\u00adtor ger\u00adente, cede sus par\u00adtic\u00adi\u00adpa\u00adciones en la Fun\u00addaci\u00f3n Geolitho y se reti\u00adra de la jun\u00adta direc\u00adti\u00adva. La respon\u00ads\u00adabil\u00adi\u00addad recaer\u00e1 a par\u00adtir de aho\u00adra en <strong class>Matthias\u202fFieser<\/strong>.<\/p>\n\n\n\n<h3 class=\"wp-block-heading\">Manfred\u202fSeitz \u2013 Esp\u00edritu fundador y pionero<\/h3>\n\n\n\n<p>Aunque la Fun\u00addaci\u00f3n Geolitho se cre\u00f3 reci\u00e9n en 2021, su \u00e9xi\u00adto se basa en un fun\u00adda\u00admen\u00adto que Dr.&nbsp;Seitz ha con\u00adtribui\u00addo a mold\u00adear des\u00adde 2001: la <strong class>Litote\u00adca<\/strong>, una colec\u00adci\u00f3n comu\u00adni\u00adtaria, que desar\u00adrol\u00adl\u00f3 jun\u00adto con un peque\u00f1o grupo de entu\u00adsi\u00adas\u00adtas has\u00adta con\u00adver\u00adtirse en una insti\u00adtu\u00adci\u00f3n recono\u00adci\u00adda a niv\u00adel mundi\u00adal.<\/p>\n\n\n\n<p>A sus casi 90 a\u00f1os, Dr.&nbsp;Seitz desea del\u00ade\u00adgar sus tar\u00adeas por motivos de edad, para poder con\u00adcen\u00adtrarse nue\u00adva\u00admente en lo esen\u00adcial: aseso\u00adrar y apo\u00adyar a la Litote\u00adca des\u00adde el tras\u00adfon\u00addo. Por su com\u00adpro\u00admiso con\u00adstante, le expre\u00adsamos nue\u00adstro m\u00e1s pro\u00adfun\u00addo agradec\u00adimien\u00adto y m\u00e1x\u00adi\u00admo reconocimien\u00adto.<\/p>\n\n\n\n<h3 class=\"wp-block-heading\">Matthias\u202fFieser \u2013 nuevo socio y director gerente<\/h3>\n\n\n\n<p>Afor\u00adtu\u00adnada\u00admente, pudi\u00admos con\u00adtar con <strong class>Matthias\u202fFieser<\/strong>, a quien con\u00adsid\u00ader\u00adamos un suce\u00adsor dig\u00adno y com\u00adpro\u00admeti\u00addo. Lo conoci\u00admos ini\u00adcial\u00admente por sus com\u00adpras reg\u00adu\u00adlares en nue\u00adstro mer\u00adca\u00addo; des\u00adde entonces, par\u00adtic\u00adi\u00adpa varias veces a la sem\u00adana de man\u00adera acti\u00adva en la Litote\u00adca.<\/p>\n\n\n\n<p>Matthias apor\u00adta todo lo nece\u00adsario: sobre todo energ\u00eda, ideas fres\u00adcas y el deseo de desar\u00adrol\u00adlar la fun\u00addaci\u00f3n. Con m\u00e1s de 50 a\u00f1os, es un gran aporte para nue\u00adstro equipo. No esca\u00adti\u00adma esfuer\u00adzos, va donde se nece\u00adsi\u00adta apoyo y, gra\u00adcias a su estable situaci\u00f3n pro\u00adfe\u00adsion\u00adal, puede dedicar m\u00e1s tiem\u00adpo.<\/p>\n\n\n\n<p>Quien asis\u00adti\u00f3 a la <strong class>Munich Show\u202f2025<\/strong> quiz\u00e1s ya lo vio en el stand de los Ami\u00adgos de Min\u00aderales de M\u00fanich, donde ayud\u00f3 acti\u00adva\u00admente.<\/p>\n\n\n\n<h3 class=\"wp-block-heading\">La estructura de socios se mantiene sin cambios<\/h3>\n\n\n\n<p>Tras el cam\u00adbio, Matthias&nbsp;Fieser y Ste\u00adfan&nbsp;Schorn seguir\u00e1n man\u00adte\u00adnien\u00addo cada uno la mis\u00adma par\u00adtic\u00adi\u00adpaci\u00f3n en la fun\u00addaci\u00f3n, mien\u00adtras que G\u00fcn\u00adter&nbsp;Frenz con\u00adser\u00adva su par\u00adtic\u00adi\u00adpaci\u00f3n minori\u00adtaria. La for\u00admal\u00adizaci\u00f3n notar\u00adi\u00adal del cam\u00adbio de socios y direc\u00adtores se real\u00adiz\u00f3 el <strong class>25 de noviem\u00adbre de 2025<\/strong>.<\/p>\n\n\n\n<p>Agrade\u00adce\u00admos al Dr.&nbsp;Man\u00adfred&nbsp;Seitz por su extra\u00ador\u00addi\u00adnar\u00adia labor vital y damos una cor\u00addial bien\u00adveni\u00adda a Matthias&nbsp;Fieser. Jun\u00adtos quer\u00ade\u00admos for\u00adt\u00adale\u00adcer a\u00fan m\u00e1s los proyec\u00adtos de la fun\u00addaci\u00f3n y pro\u00admover de man\u00adera sostenible el inter\u00e9s por la geolog\u00eda.<\/p>\n","protected":false},"excerpt":{"rendered":"<p>Cam\u00adbio de socios y direc\u00adtores en la Fun\u00addaci\u00f3n Geolitho gGmbH Despu\u00e9s de casi cua\u00adtro a\u00f1os de inten\u00adsa labor vol\u00adun\u00adtaria, Dr.&nbsp;Man\u00adfred&nbsp;Seitz, cofun\u00addador y has\u00adta aho\u00adra direc\u00adtor ger\u00adente, cede sus par\u00adtic\u00adi\u00adpa\u00adciones en la Fun\u00addaci\u00f3n Geolitho y se reti\u00adra de la jun\u00adta direc\u00adti\u00adva. La respon\u00ads\u00adabil\u00adi\u00addad recaer\u00e1 a par\u00adtir de aho\u00adra en Matthias&nbsp;Fieser. Man\u00adfred&nbsp;Seitz \u2013 Esp\u00edritu fun\u00addador y pio\u00adnero\u2026 <a class=\"more-link\" href=\"https:\/\/www.geolitho.eu\/es\/2025\/11\/25\/cambio-de-socios-y-directores-en-la-fundacion-geolitho-ggmbh-geolitho-stidftung-ggmbh\/\">Seguir leyen\u00addo <span class=\"screen-reader-text\">Cam\u00adbio de socios y direc\u00adtores en la Fun\u00addaci\u00f3n Geolitho gGmbH (Geolitho Stiftung gGmbH)<\/span><\/a><\/p>\n","protected":false},"author":1,"featured_media":0,"comment_status":"closed","ping_status":"closed","sticky":false,"template":"","format":"standard","meta":{"wp_typography_post_enhancements_disabled":false,"footnotes":""},"categories":[5,1],"tags":[],"class_list":["post-64","post","type-post","status-publish","format-standard","hentry","category-fundacion","category-general","entry"],"yoast_head":"<!-- This site is optimized with the Yoast SEO plugin v26.9 - https:\/\/yoast.com\/product\/yoast-seo-wordpress\/ -->\n<title>Cambio de socios y directores en la Fundaci\u00f3n Geolitho gGmbH (Geolitho Stiftung gGmbH) - Fundaci\u00f3n Geolitho gGmbH<\/title>\n<meta name=\"robots\" content=\"index, follow, max-snippet:-1, max-image-preview:large, max-video-preview:-1\" \/>\n<link rel=\"canonical\" href=\"https:\/\/www.geolitho.eu\/es\/2025\/11\/25\/cambio-de-socios-y-directores-en-la-fundacion-geolitho-ggmbh-geolitho-stidftung-ggmbh\/\" \/>\n<meta property=\"og:locale\" content=\"es_ES\" \/>\n<meta property=\"og:type\" content=\"article\" \/>\n<meta property=\"og:title\" content=\"Cambio de socios y directores en la Fundaci\u00f3n Geolitho gGmbH (Geolitho Stiftung gGmbH) - Fundaci\u00f3n Geolitho gGmbH\" \/>\n<meta property=\"og:description\" content=\"Cambio de socios y directores en la Fundaci\u00f3n Geolitho gGmbH Despu\u00e9s de casi cua\u00adtro a\u00f1os de inten\u00adsa labor vol\u00adun\u00adtaria, Dr.&nbsp;Man\u00adfred&nbsp;Seitz, cofun\u00addador y has\u00adta aho\u00adra direc\u00adtor ger\u00adente, cede sus par\u00adtic\u00adi\u00adpa\u00adciones en la Fun\u00addaci\u00f3n Geolitho y se reti\u00adra de la jun\u00adta direc\u00adti\u00adva. La respon\u00ads\u00adabil\u00adi\u00addad recaer\u00e1 a par\u00adtir de aho\u00adra en Matthias\u202fFieser. Manfred\u202fSeitz \u2013 Esp\u00edritu fundador y pionero&hellip; Seguir leyendo Cambio de socios y directores en la Fundaci\u00f3n Geolitho gGmbH (Geolitho Stiftung gGmbH)\" \/>\n<meta property=\"og:url\" content=\"https:\/\/www.geolitho.eu\/es\/2025\/11\/25\/cambio-de-socios-y-directores-en-la-fundacion-geolitho-ggmbh-geolitho-stidftung-ggmbh\/\" \/>\n<meta property=\"og:site_name\" content=\"Fundaci\u00f3n Geolitho gGmbH\" \/>\n<meta property=\"article:published_time\" content=\"2025-11-25T14:18:41+00:00\" \/>\n<meta property=\"article:modified_time\" content=\"2026-01-16T09:11:23+00:00\" \/>\n<meta name=\"author\" content=\"Stefan\" \/>\n<meta name=\"twitter:card\" content=\"summary_large_image\" \/>\n<meta name=\"twitter:label1\" content=\"Escrito por\" \/>\n\t<meta name=\"twitter:data1\" content=\"Stefan\" \/>\n\t<meta name=\"twitter:label2\" content=\"Tiempo de lectura\" \/>\n\t<meta name=\"twitter:data2\" content=\"2 minutos\" \/>\n<script type=\"application\/ld+json\" class=\"yoast-schema-graph\">{\"@context\":\"https:\/\/schema.org\",\"@graph\":[{\"@type\":\"Article\",\"@id\":\"https:\/\/www.geolitho.eu\/es\/2025\/11\/25\/cambio-de-socios-y-directores-en-la-fundacion-geolitho-ggmbh-geolitho-stidftung-ggmbh\/#article\",\"isPartOf\":{\"@id\":\"https:\/\/www.geolitho.eu\/es\/2025\/11\/25\/cambio-de-socios-y-directores-en-la-fundacion-geolitho-ggmbh-geolitho-stidftung-ggmbh\/\"},\"author\":{\"name\":\"Stefan\",\"@id\":\"https:\/\/www.geolitho.eu\/es\/#\/schema\/person\/4933a685152af90ec37bd3bde97d2fd5\"},\"headline\":\"Cambio de socios y directores en la Fundaci\u00f3n Geolitho gGmbH (Geolitho Stiftung gGmbH)\",\"datePublished\":\"2025-11-25T14:18:41+00:00\",\"dateModified\":\"2026-01-16T09:11:23+00:00\",\"mainEntityOfPage\":{\"@id\":\"https:\/\/www.geolitho.eu\/es\/2025\/11\/25\/cambio-de-socios-y-directores-en-la-fundacion-geolitho-ggmbh-geolitho-stidftung-ggmbh\/\"},\"wordCount\":395,\"publisher\":{\"@id\":\"https:\/\/www.geolitho.eu\/es\/#organization\"},\"articleSection\":[\"Fundaci\u00f3n\",\"General\"],\"inLanguage\":\"es\"},{\"@type\":\"WebPage\",\"@id\":\"https:\/\/www.geolitho.eu\/es\/2025\/11\/25\/cambio-de-socios-y-directores-en-la-fundacion-geolitho-ggmbh-geolitho-stidftung-ggmbh\/\",\"url\":\"https:\/\/www.geolitho.eu\/es\/2025\/11\/25\/cambio-de-socios-y-directores-en-la-fundacion-geolitho-ggmbh-geolitho-stidftung-ggmbh\/\",\"name\":\"Cambio de socios y directores en la Fundaci\u00f3n Geolitho gGmbH (Geolitho Stiftung gGmbH) - Fundaci\u00f3n Geolitho gGmbH\",\"isPartOf\":{\"@id\":\"https:\/\/www.geolitho.eu\/es\/#website\"},\"datePublished\":\"2025-11-25T14:18:41+00:00\",\"dateModified\":\"2026-01-16T09:11:23+00:00\",\"breadcrumb\":{\"@id\":\"https:\/\/www.geolitho.eu\/es\/2025\/11\/25\/cambio-de-socios-y-directores-en-la-fundacion-geolitho-ggmbh-geolitho-stidftung-ggmbh\/#breadcrumb\"},\"inLanguage\":\"es\",\"potentialAction\":[{\"@type\":\"ReadAction\",\"target\":[\"https:\/\/www.geolitho.eu\/es\/2025\/11\/25\/cambio-de-socios-y-directores-en-la-fundacion-geolitho-ggmbh-geolitho-stidftung-ggmbh\/\"]}]},{\"@type\":\"BreadcrumbList\",\"@id\":\"https:\/\/www.geolitho.eu\/es\/2025\/11\/25\/cambio-de-socios-y-directores-en-la-fundacion-geolitho-ggmbh-geolitho-stidftung-ggmbh\/#breadcrumb\",\"itemListElement\":[{\"@type\":\"ListItem\",\"position\":1,\"name\":\"Start\",\"item\":\"https:\/\/www.geolitho.eu\/es\/\"},{\"@type\":\"ListItem\",\"position\":2,\"name\":\"Cambio de socios y directores en la Fundaci\u00f3n Geolitho gGmbH (Geolitho Stiftung gGmbH)\"}]},{\"@type\":\"WebSite\",\"@id\":\"https:\/\/www.geolitho.eu\/es\/#website\",\"url\":\"https:\/\/www.geolitho.eu\/es\/\",\"name\":\"Fundaci\u00f3n Geolitho gGmbH\",\"description\":\"Geolitho \u2013 Mineralog\u00eda y geolog\u00eda para tocar y experimentar.\",\"publisher\":{\"@id\":\"https:\/\/www.geolitho.eu\/es\/#organization\"},\"potentialAction\":[{\"@type\":\"SearchAction\",\"target\":{\"@type\":\"EntryPoint\",\"urlTemplate\":\"https:\/\/www.geolitho.eu\/es\/?s={search_term_string}\"},\"query-input\":{\"@type\":\"PropertyValueSpecification\",\"valueRequired\":true,\"valueName\":\"search_term_string\"}}],\"inLanguage\":\"es\"},{\"@type\":\"Organization\",\"@id\":\"https:\/\/www.geolitho.eu\/es\/#organization\",\"name\":\"Fundaci\u00f3n Geolitho gGmbH\",\"url\":\"https:\/\/www.geolitho.eu\/es\/\",\"logo\":{\"@type\":\"ImageObject\",\"inLanguage\":\"es\",\"@id\":\"https:\/\/www.geolitho.eu\/es\/#\/schema\/logo\/image\/\",\"url\":\"https:\/\/www.geolitho.eu\/es\/wp-content\/uploads\/sites\/5\/2026\/01\/geolitho-hellgrau.png\",\"contentUrl\":\"https:\/\/www.geolitho.eu\/es\/wp-content\/uploads\/sites\/5\/2026\/01\/geolitho-hellgrau.png\",\"width\":900,\"height\":142,\"caption\":\"Fundaci\u00f3n Geolitho gGmbH\"},\"image\":{\"@id\":\"https:\/\/www.geolitho.eu\/es\/#\/schema\/logo\/image\/\"}},{\"@type\":\"Person\",\"@id\":\"https:\/\/www.geolitho.eu\/es\/#\/schema\/person\/4933a685152af90ec37bd3bde97d2fd5\",\"name\":\"Stefan\",\"image\":{\"@type\":\"ImageObject\",\"inLanguage\":\"es\",\"@id\":\"https:\/\/www.geolitho.eu\/es\/#\/schema\/person\/image\/\",\"url\":\"https:\/\/secure.gravatar.com\/avatar\/cc223dfb006edac6a335f532bbec2512832cae7812e02982a2df922ca3c39354?s=96&d=mm&r=g\",\"contentUrl\":\"https:\/\/secure.gravatar.com\/avatar\/cc223dfb006edac6a335f532bbec2512832cae7812e02982a2df922ca3c39354?s=96&d=mm&r=g\",\"caption\":\"Stefan\"},\"sameAs\":[\"https:\/\/www.geolitho.eu\/wordpress\"],\"url\":\"https:\/\/www.geolitho.eu\/es\/author\/stefan\/\"}]}<\/script>\n<!-- \/ Yoast SEO plugin. -->","yoast_head_json":{"title":"Cambio de socios y directores en la Fundaci\u00f3n Geolitho gGmbH (Geolitho Stiftung gGmbH) - Fundaci\u00f3n Geolitho gGmbH","robots":{"index":"index","follow":"follow","max-snippet":"max-snippet:-1","max-image-preview":"max-image-preview:large","max-video-preview":"max-video-preview:-1"},"canonical":"https:\/\/www.geolitho.eu\/es\/2025\/11\/25\/cambio-de-socios-y-directores-en-la-fundacion-geolitho-ggmbh-geolitho-stidftung-ggmbh\/","og_locale":"es_ES","og_type":"article","og_title":"Cambio de socios y directores en la Fundaci\u00f3n Geolitho gGmbH (Geolitho Stiftung gGmbH) - Fundaci\u00f3n Geolitho gGmbH","og_description":"Cambio de socios y directores en la Fundaci\u00f3n Geolitho gGmbH Despu\u00e9s de casi cua\u00adtro a\u00f1os de inten\u00adsa labor vol\u00adun\u00adtaria, Dr.&nbsp;Man\u00adfred&nbsp;Seitz, cofun\u00addador y has\u00adta aho\u00adra direc\u00adtor ger\u00adente, cede sus par\u00adtic\u00adi\u00adpa\u00adciones en la Fun\u00addaci\u00f3n Geolitho y se reti\u00adra de la jun\u00adta direc\u00adti\u00adva. La respon\u00ads\u00adabil\u00adi\u00addad recaer\u00e1 a par\u00adtir de aho\u00adra en Matthias\u202fFieser. Manfred\u202fSeitz \u2013 Esp\u00edritu fundador y pionero&hellip; Seguir leyendo Cambio de socios y directores en la Fundaci\u00f3n Geolitho gGmbH (Geolitho Stiftung gGmbH)","og_url":"https:\/\/www.geolitho.eu\/es\/2025\/11\/25\/cambio-de-socios-y-directores-en-la-fundacion-geolitho-ggmbh-geolitho-stidftung-ggmbh\/","og_site_name":"Fundaci\u00f3n Geolitho gGmbH","article_published_time":"2025-11-25T14:18:41+00:00","article_modified_time":"2026-01-16T09:11:23+00:00","author":"Stefan","twitter_card":"summary_large_image","twitter_misc":{"Escrito por":"Stefan","Tiempo de lectura":"2 minutos"},"schema":{"@context":"https:\/\/schema.org","@graph":[{"@type":"Article","@id":"https:\/\/www.geolitho.eu\/es\/2025\/11\/25\/cambio-de-socios-y-directores-en-la-fundacion-geolitho-ggmbh-geolitho-stidftung-ggmbh\/#article","isPartOf":{"@id":"https:\/\/www.geolitho.eu\/es\/2025\/11\/25\/cambio-de-socios-y-directores-en-la-fundacion-geolitho-ggmbh-geolitho-stidftung-ggmbh\/"},"author":{"name":"Stefan","@id":"https:\/\/www.geolitho.eu\/es\/#\/schema\/person\/4933a685152af90ec37bd3bde97d2fd5"},"headline":"Cambio de socios y directores en la Fundaci\u00f3n Geolitho gGmbH (Geolitho Stiftung gGmbH)","datePublished":"2025-11-25T14:18:41+00:00","dateModified":"2026-01-16T09:11:23+00:00","mainEntityOfPage":{"@id":"https:\/\/www.geolitho.eu\/es\/2025\/11\/25\/cambio-de-socios-y-directores-en-la-fundacion-geolitho-ggmbh-geolitho-stidftung-ggmbh\/"},"wordCount":395,"publisher":{"@id":"https:\/\/www.geolitho.eu\/es\/#organization"},"articleSection":["Fundaci\u00f3n","General"],"inLanguage":"es"},{"@type":"WebPage","@id":"https:\/\/www.geolitho.eu\/es\/2025\/11\/25\/cambio-de-socios-y-directores-en-la-fundacion-geolitho-ggmbh-geolitho-stidftung-ggmbh\/","url":"https:\/\/www.geolitho.eu\/es\/2025\/11\/25\/cambio-de-socios-y-directores-en-la-fundacion-geolitho-ggmbh-geolitho-stidftung-ggmbh\/","name":"Cambio de socios y directores en la Fundaci\u00f3n Geolitho gGmbH (Geolitho Stiftung gGmbH) - Fundaci\u00f3n Geolitho gGmbH","isPartOf":{"@id":"https:\/\/www.geolitho.eu\/es\/#website"},"datePublished":"2025-11-25T14:18:41+00:00","dateModified":"2026-01-16T09:11:23+00:00","breadcrumb":{"@id":"https:\/\/www.geolitho.eu\/es\/2025\/11\/25\/cambio-de-socios-y-directores-en-la-fundacion-geolitho-ggmbh-geolitho-stidftung-ggmbh\/#breadcrumb"},"inLanguage":"es","potentialAction":[{"@type":"ReadAction","target":["https:\/\/www.geolitho.eu\/es\/2025\/11\/25\/cambio-de-socios-y-directores-en-la-fundacion-geolitho-ggmbh-geolitho-stidftung-ggmbh\/"]}]},{"@type":"BreadcrumbList","@id":"https:\/\/www.geolitho.eu\/es\/2025\/11\/25\/cambio-de-socios-y-directores-en-la-fundacion-geolitho-ggmbh-geolitho-stidftung-ggmbh\/#breadcrumb","itemListElement":[{"@type":"ListItem","position":1,"name":"Start","item":"https:\/\/www.geolitho.eu\/es\/"},{"@type":"ListItem","position":2,"name":"Cambio de socios y directores en la Fundaci\u00f3n Geolitho gGmbH (Geolitho Stiftung gGmbH)"}]},{"@type":"WebSite","@id":"https:\/\/www.geolitho.eu\/es\/#website","url":"https:\/\/www.geolitho.eu\/es\/","name":"Fundaci\u00f3n Geolitho gGmbH","description":"Geolitho \u2013 Mineralog\u00eda y geolog\u00eda para tocar y experimentar.","publisher":{"@id":"https:\/\/www.geolitho.eu\/es\/#organization"},"potentialAction":[{"@type":"SearchAction","target":{"@type":"EntryPoint","urlTemplate":"https:\/\/www.geolitho.eu\/es\/?s={search_term_string}"},"query-input":{"@type":"PropertyValueSpecification","valueRequired":true,"valueName":"search_term_string"}}],"inLanguage":"es"},{"@type":"Organization","@id":"https:\/\/www.geolitho.eu\/es\/#organization","name":"Fundaci\u00f3n Geolitho gGmbH","url":"https:\/\/www.geolitho.eu\/es\/","logo":{"@type":"ImageObject","inLanguage":"es","@id":"https:\/\/www.geolitho.eu\/es\/#\/schema\/logo\/image\/","url":"https:\/\/www.geolitho.eu\/es\/wp-content\/uploads\/sites\/5\/2026\/01\/geolitho-hellgrau.png","contentUrl":"https:\/\/www.geolitho.eu\/es\/wp-content\/uploads\/sites\/5\/2026\/01\/geolitho-hellgrau.png","width":900,"height":142,"caption":"Fundaci\u00f3n Geolitho gGmbH"},"image":{"@id":"https:\/\/www.geolitho.eu\/es\/#\/schema\/logo\/image\/"}},{"@type":"Person","@id":"https:\/\/www.geolitho.eu\/es\/#\/schema\/person\/4933a685152af90ec37bd3bde97d2fd5","name":"Stefan","image":{"@type":"ImageObject","inLanguage":"es","@id":"https:\/\/www.geolitho.eu\/es\/#\/schema\/person\/image\/","url":"https:\/\/secure.gravatar.com\/avatar\/cc223dfb006edac6a335f532bbec2512832cae7812e02982a2df922ca3c39354?s=96&d=mm&r=g","contentUrl":"https:\/\/secure.gravatar.com\/avatar\/cc223dfb006edac6a335f532bbec2512832cae7812e02982a2df922ca3c39354?s=96&d=mm&r=g","caption":"Stefan"},"sameAs":["https:\/\/www.geolitho.eu\/wordpress"],"url":"https:\/\/www.geolitho.eu\/es\/author\/stefan\/"}]}},"_links":{"self":[{"href":"https:\/\/www.geolitho.eu\/es\/wp-json\/wp\/v2\/posts\/64","targetHints":{"allow":["GET"]}}],"collection":[{"href":"https:\/\/www.geolitho.eu\/es\/wp-json\/wp\/v2\/posts"}],"about":[{"href":"https:\/\/www.geolitho.eu\/es\/wp-json\/wp\/v2\/types\/post"}],"author":[{"embeddable":true,"href":"https:\/\/www.geolitho.eu\/es\/wp-json\/wp\/v2\/users\/1"}],"replies":[{"embeddable":true,"href":"https:\/\/www.geolitho.eu\/es\/wp-json\/wp\/v2\/comments?post=64"}],"version-history":[{"count":2,"href":"https:\/\/www.geolitho.eu\/es\/wp-json\/wp\/v2\/posts\/64\/revisions"}],"predecessor-version":[{"id":66,"href":"https:\/\/www.geolitho.eu\/es\/wp-json\/wp\/v2\/posts\/64\/revisions\/66"}],"wp:attachment":[{"href":"https:\/\/www.geolitho.eu\/es\/wp-json\/wp\/v2\/media?parent=64"}],"wp:term":[{"taxonomy":"category","embeddable":true,"href":"https:\/\/www.geolitho.eu\/es\/wp-json\/wp\/v2\/categories?post=64"},{"taxonomy":"post_tag","embeddable":true,"href":"https:\/\/www.geolitho.eu\/es\/wp-json\/wp\/v2\/tags?post=64"}],"curies":[{"name":"wp","href":"https:\/\/api.w.org\/{rel}","templated":true}]}}