{"id":139,"date":"2026-02-06T11:35:09","date_gmt":"2026-02-06T10:35:09","guid":{"rendered":"https:\/\/www.geolitho.eu\/fr\/?p=139"},"modified":"2026-02-06T11:35:09","modified_gmt":"2026-02-06T10:35:09","slug":"geolitho-parle-desormais-six-langues","status":"publish","type":"post","link":"https:\/\/www.geolitho.eu\/fr\/2026\/02\/06\/geolitho-parle-desormais-six-langues\/","title":{"rendered":"Geolitho parle d\u00e9sormais six langues"},"content":{"rendered":"\n<p><strong>Geolitho<\/strong> met d\u00e9sor\u00admais tous les con\u00adtenus \u2013 y com\u00adpris la ges\u00adtion des col\u00adlec\u00adtions, le mus\u00e9e et la place de march\u00e9 \u2013 \u00e0 dis\u00adpo\u00adsi\u00adtion en six langues. Out\u00adre l\u2019allemand, l\u2019anglais, l\u2019espagnol, le fran\u00e7ais et le por\u00adtu\u00adgais, la plate\u00adforme est d\u00e9sor\u00admais \u00e9gale\u00adment disponible en ital\u00adien.<br>Nous souhaitons ain\u00adsi faciliter l\u2019acc\u00e8s et per\u00adme\u00adt\u00adtre \u00e0 encore plus de per\u00adson\u00adnes dans le monde d\u2019utiliser l\u2019offre gra\u00adtu\u00adite de la fon\u00adda\u00adtion.<\/p>\n","protected":false},"excerpt":{"rendered":"<p>Geolitho met d\u00e9sor\u00admais tous les con\u00adtenus \u2013 y com\u00adpris la ges\u00adtion des col\u00adlec\u00adtions, le mus\u00e9e et la place de march\u00e9 \u2013 \u00e0 dis\u00adpo\u00adsi\u00adtion en six langues. Out\u00adre l\u2019allemand, l\u2019anglais, l\u2019espagnol, le fran\u00e7ais et le por\u00adtu\u00adgais, la plate\u00adforme est d\u00e9sor\u00admais \u00e9gale\u00adment disponible en ital\u00adien.Nous souhaitons ain\u00adsi faciliter l\u2019acc\u00e8s et per\u00adme\u00adt\u00adtre \u00e0 encore plus de per\u00adson\u00adnes dans\u2026 <a class=\"more-link\" href=\"https:\/\/www.geolitho.eu\/fr\/2026\/02\/06\/geolitho-parle-desormais-six-langues\/\">Pour\u00adsuiv\u00adre la lec\u00adture <span class=\"screen-reader-text\">Geolitho par\u00adle d\u00e9sor\u00admais six langues<\/span><\/a><\/p>\n","protected":false},"author":1,"featured_media":0,"comment_status":"open","ping_status":"open","sticky":false,"template":"","format":"standard","meta":{"wp_typography_post_enhancements_disabled":false,"footnotes":""},"categories":[1],"tags":[],"class_list":["post-139","post","type-post","status-publish","format-standard","hentry","category-general","entry"],"yoast_head":"<!-- This site is optimized with the Yoast SEO plugin v26.9 - https:\/\/yoast.com\/product\/yoast-seo-wordpress\/ -->\n<title>Geolitho parle d\u00e9sormais six langues - Fondation Geolitho gGmbH<\/title>\n<meta name=\"robots\" content=\"index, follow, max-snippet:-1, max-image-preview:large, max-video-preview:-1\" \/>\n<link rel=\"canonical\" href=\"https:\/\/www.geolitho.eu\/fr\/2026\/02\/06\/geolitho-parle-desormais-six-langues\/\" \/>\n<meta property=\"og:locale\" content=\"fr_FR\" \/>\n<meta property=\"og:type\" content=\"article\" \/>\n<meta property=\"og:title\" content=\"Geolitho parle d\u00e9sormais six langues - Fondation Geolitho gGmbH\" \/>\n<meta property=\"og:description\" content=\"Geolitho met d\u00e9sor\u00admais tous les con\u00adtenus \u2013 y com\u00adpris la ges\u00adtion des col\u00adlec\u00adtions, le mus\u00e9e et la place de march\u00e9 \u2013 \u00e0 dis\u00adpo\u00adsi\u00adtion en six langues. Out\u00adre l\u2019allemand, l\u2019anglais, l\u2019espagnol, le fran\u00e7ais et le por\u00adtu\u00adgais, la plate\u00adforme est d\u00e9sor\u00admais \u00e9gale\u00adment disponible en ital\u00adien.Nous souhaitons ain\u00adsi faciliter l\u2019acc\u00e8s et per\u00adme\u00adt\u00adtre \u00e0 encore plus de per\u00adson\u00adnes dans&hellip; Poursuivre la lecture Geolitho parle d\u00e9sormais six langues\" \/>\n<meta property=\"og:url\" content=\"https:\/\/www.geolitho.eu\/fr\/2026\/02\/06\/geolitho-parle-desormais-six-langues\/\" \/>\n<meta property=\"og:site_name\" content=\"Fondation Geolitho gGmbH\" \/>\n<meta property=\"article:published_time\" content=\"2026-02-06T10:35:09+00:00\" \/>\n<meta name=\"author\" content=\"Stefan\" \/>\n<meta name=\"twitter:card\" content=\"summary_large_image\" \/>\n<meta name=\"twitter:label1\" content=\"\u00c9crit par\" \/>\n\t<meta name=\"twitter:data1\" content=\"Stefan\" \/>\n<script type=\"application\/ld+json\" class=\"yoast-schema-graph\">{\"@context\":\"https:\/\/schema.org\",\"@graph\":[{\"@type\":\"Article\",\"@id\":\"https:\/\/www.geolitho.eu\/fr\/2026\/02\/06\/geolitho-parle-desormais-six-langues\/#article\",\"isPartOf\":{\"@id\":\"https:\/\/www.geolitho.eu\/fr\/2026\/02\/06\/geolitho-parle-desormais-six-langues\/\"},\"author\":{\"name\":\"Stefan\",\"@id\":\"https:\/\/www.geolitho.eu\/fr\/#\/schema\/person\/4933a685152af90ec37bd3bde97d2fd5\"},\"headline\":\"Geolitho parle d\u00e9sormais six langues\",\"datePublished\":\"2026-02-06T10:35:09+00:00\",\"mainEntityOfPage\":{\"@id\":\"https:\/\/www.geolitho.eu\/fr\/2026\/02\/06\/geolitho-parle-desormais-six-langues\/\"},\"wordCount\":77,\"commentCount\":0,\"publisher\":{\"@id\":\"https:\/\/www.geolitho.eu\/fr\/#organization\"},\"articleSection\":[\"G\u00e9n\u00e9ral\"],\"inLanguage\":\"fr-FR\",\"potentialAction\":[{\"@type\":\"CommentAction\",\"name\":\"Comment\",\"target\":[\"https:\/\/www.geolitho.eu\/fr\/2026\/02\/06\/geolitho-parle-desormais-six-langues\/#respond\"]}]},{\"@type\":\"WebPage\",\"@id\":\"https:\/\/www.geolitho.eu\/fr\/2026\/02\/06\/geolitho-parle-desormais-six-langues\/\",\"url\":\"https:\/\/www.geolitho.eu\/fr\/2026\/02\/06\/geolitho-parle-desormais-six-langues\/\",\"name\":\"Geolitho parle d\u00e9sormais six langues - Fondation Geolitho gGmbH\",\"isPartOf\":{\"@id\":\"https:\/\/www.geolitho.eu\/fr\/#website\"},\"datePublished\":\"2026-02-06T10:35:09+00:00\",\"breadcrumb\":{\"@id\":\"https:\/\/www.geolitho.eu\/fr\/2026\/02\/06\/geolitho-parle-desormais-six-langues\/#breadcrumb\"},\"inLanguage\":\"fr-FR\",\"potentialAction\":[{\"@type\":\"ReadAction\",\"target\":[\"https:\/\/www.geolitho.eu\/fr\/2026\/02\/06\/geolitho-parle-desormais-six-langues\/\"]}]},{\"@type\":\"BreadcrumbList\",\"@id\":\"https:\/\/www.geolitho.eu\/fr\/2026\/02\/06\/geolitho-parle-desormais-six-langues\/#breadcrumb\",\"itemListElement\":[{\"@type\":\"ListItem\",\"position\":1,\"name\":\"Start\",\"item\":\"https:\/\/www.geolitho.eu\/fr\/\"},{\"@type\":\"ListItem\",\"position\":2,\"name\":\"Geolitho parle d\u00e9sormais six langues\"}]},{\"@type\":\"WebSite\",\"@id\":\"https:\/\/www.geolitho.eu\/fr\/#website\",\"url\":\"https:\/\/www.geolitho.eu\/fr\/\",\"name\":\"Fondation Geolitho gGmbH\",\"description\":\"Geolitho \u2013 la min\u00e9ralogie et la g\u00e9ologie \u00e0 port\u00e9e de main.\",\"publisher\":{\"@id\":\"https:\/\/www.geolitho.eu\/fr\/#organization\"},\"potentialAction\":[{\"@type\":\"SearchAction\",\"target\":{\"@type\":\"EntryPoint\",\"urlTemplate\":\"https:\/\/www.geolitho.eu\/fr\/?s={search_term_string}\"},\"query-input\":{\"@type\":\"PropertyValueSpecification\",\"valueRequired\":true,\"valueName\":\"search_term_string\"}}],\"inLanguage\":\"fr-FR\"},{\"@type\":\"Organization\",\"@id\":\"https:\/\/www.geolitho.eu\/fr\/#organization\",\"name\":\"Fondation Geolitho gGmbH\",\"url\":\"https:\/\/www.geolitho.eu\/fr\/\",\"logo\":{\"@type\":\"ImageObject\",\"inLanguage\":\"fr-FR\",\"@id\":\"https:\/\/www.geolitho.eu\/fr\/#\/schema\/logo\/image\/\",\"url\":\"https:\/\/www.geolitho.eu\/fr\/wp-content\/uploads\/sites\/6\/2026\/01\/geolitho-hellgrau.png\",\"contentUrl\":\"https:\/\/www.geolitho.eu\/fr\/wp-content\/uploads\/sites\/6\/2026\/01\/geolitho-hellgrau.png\",\"width\":900,\"height\":142,\"caption\":\"Fondation Geolitho gGmbH\"},\"image\":{\"@id\":\"https:\/\/www.geolitho.eu\/fr\/#\/schema\/logo\/image\/\"}},{\"@type\":\"Person\",\"@id\":\"https:\/\/www.geolitho.eu\/fr\/#\/schema\/person\/4933a685152af90ec37bd3bde97d2fd5\",\"name\":\"Stefan\",\"image\":{\"@type\":\"ImageObject\",\"inLanguage\":\"fr-FR\",\"@id\":\"https:\/\/www.geolitho.eu\/fr\/#\/schema\/person\/image\/\",\"url\":\"https:\/\/secure.gravatar.com\/avatar\/cc223dfb006edac6a335f532bbec2512832cae7812e02982a2df922ca3c39354?s=96&d=mm&r=g\",\"contentUrl\":\"https:\/\/secure.gravatar.com\/avatar\/cc223dfb006edac6a335f532bbec2512832cae7812e02982a2df922ca3c39354?s=96&d=mm&r=g\",\"caption\":\"Stefan\"},\"sameAs\":[\"https:\/\/www.geolitho.eu\/wordpress\"],\"url\":\"https:\/\/www.geolitho.eu\/fr\/author\/stefan\/\"}]}<\/script>\n<!-- \/ Yoast SEO plugin. -->","yoast_head_json":{"title":"Geolitho parle d\u00e9sormais six langues - Fondation Geolitho gGmbH","robots":{"index":"index","follow":"follow","max-snippet":"max-snippet:-1","max-image-preview":"max-image-preview:large","max-video-preview":"max-video-preview:-1"},"canonical":"https:\/\/www.geolitho.eu\/fr\/2026\/02\/06\/geolitho-parle-desormais-six-langues\/","og_locale":"fr_FR","og_type":"article","og_title":"Geolitho parle d\u00e9sormais six langues - Fondation Geolitho gGmbH","og_description":"Geolitho met d\u00e9sor\u00admais tous les con\u00adtenus \u2013 y com\u00adpris la ges\u00adtion des col\u00adlec\u00adtions, le mus\u00e9e et la place de march\u00e9 \u2013 \u00e0 dis\u00adpo\u00adsi\u00adtion en six langues. Out\u00adre l\u2019allemand, l\u2019anglais, l\u2019espagnol, le fran\u00e7ais et le por\u00adtu\u00adgais, la plate\u00adforme est d\u00e9sor\u00admais \u00e9gale\u00adment disponible en ital\u00adien.Nous souhaitons ain\u00adsi faciliter l\u2019acc\u00e8s et per\u00adme\u00adt\u00adtre \u00e0 encore plus de per\u00adson\u00adnes dans&hellip; Poursuivre la lecture Geolitho parle d\u00e9sormais six langues","og_url":"https:\/\/www.geolitho.eu\/fr\/2026\/02\/06\/geolitho-parle-desormais-six-langues\/","og_site_name":"Fondation Geolitho gGmbH","article_published_time":"2026-02-06T10:35:09+00:00","author":"Stefan","twitter_card":"summary_large_image","twitter_misc":{"\u00c9crit par":"Stefan"},"schema":{"@context":"https:\/\/schema.org","@graph":[{"@type":"Article","@id":"https:\/\/www.geolitho.eu\/fr\/2026\/02\/06\/geolitho-parle-desormais-six-langues\/#article","isPartOf":{"@id":"https:\/\/www.geolitho.eu\/fr\/2026\/02\/06\/geolitho-parle-desormais-six-langues\/"},"author":{"name":"Stefan","@id":"https:\/\/www.geolitho.eu\/fr\/#\/schema\/person\/4933a685152af90ec37bd3bde97d2fd5"},"headline":"Geolitho parle d\u00e9sormais six langues","datePublished":"2026-02-06T10:35:09+00:00","mainEntityOfPage":{"@id":"https:\/\/www.geolitho.eu\/fr\/2026\/02\/06\/geolitho-parle-desormais-six-langues\/"},"wordCount":77,"commentCount":0,"publisher":{"@id":"https:\/\/www.geolitho.eu\/fr\/#organization"},"articleSection":["G\u00e9n\u00e9ral"],"inLanguage":"fr-FR","potentialAction":[{"@type":"CommentAction","name":"Comment","target":["https:\/\/www.geolitho.eu\/fr\/2026\/02\/06\/geolitho-parle-desormais-six-langues\/#respond"]}]},{"@type":"WebPage","@id":"https:\/\/www.geolitho.eu\/fr\/2026\/02\/06\/geolitho-parle-desormais-six-langues\/","url":"https:\/\/www.geolitho.eu\/fr\/2026\/02\/06\/geolitho-parle-desormais-six-langues\/","name":"Geolitho parle d\u00e9sormais six langues - Fondation Geolitho gGmbH","isPartOf":{"@id":"https:\/\/www.geolitho.eu\/fr\/#website"},"datePublished":"2026-02-06T10:35:09+00:00","breadcrumb":{"@id":"https:\/\/www.geolitho.eu\/fr\/2026\/02\/06\/geolitho-parle-desormais-six-langues\/#breadcrumb"},"inLanguage":"fr-FR","potentialAction":[{"@type":"ReadAction","target":["https:\/\/www.geolitho.eu\/fr\/2026\/02\/06\/geolitho-parle-desormais-six-langues\/"]}]},{"@type":"BreadcrumbList","@id":"https:\/\/www.geolitho.eu\/fr\/2026\/02\/06\/geolitho-parle-desormais-six-langues\/#breadcrumb","itemListElement":[{"@type":"ListItem","position":1,"name":"Start","item":"https:\/\/www.geolitho.eu\/fr\/"},{"@type":"ListItem","position":2,"name":"Geolitho parle d\u00e9sormais six langues"}]},{"@type":"WebSite","@id":"https:\/\/www.geolitho.eu\/fr\/#website","url":"https:\/\/www.geolitho.eu\/fr\/","name":"Fondation Geolitho gGmbH","description":"Geolitho \u2013 la min\u00e9ralogie et la g\u00e9ologie \u00e0 port\u00e9e de main.","publisher":{"@id":"https:\/\/www.geolitho.eu\/fr\/#organization"},"potentialAction":[{"@type":"SearchAction","target":{"@type":"EntryPoint","urlTemplate":"https:\/\/www.geolitho.eu\/fr\/?s={search_term_string}"},"query-input":{"@type":"PropertyValueSpecification","valueRequired":true,"valueName":"search_term_string"}}],"inLanguage":"fr-FR"},{"@type":"Organization","@id":"https:\/\/www.geolitho.eu\/fr\/#organization","name":"Fondation Geolitho gGmbH","url":"https:\/\/www.geolitho.eu\/fr\/","logo":{"@type":"ImageObject","inLanguage":"fr-FR","@id":"https:\/\/www.geolitho.eu\/fr\/#\/schema\/logo\/image\/","url":"https:\/\/www.geolitho.eu\/fr\/wp-content\/uploads\/sites\/6\/2026\/01\/geolitho-hellgrau.png","contentUrl":"https:\/\/www.geolitho.eu\/fr\/wp-content\/uploads\/sites\/6\/2026\/01\/geolitho-hellgrau.png","width":900,"height":142,"caption":"Fondation Geolitho gGmbH"},"image":{"@id":"https:\/\/www.geolitho.eu\/fr\/#\/schema\/logo\/image\/"}},{"@type":"Person","@id":"https:\/\/www.geolitho.eu\/fr\/#\/schema\/person\/4933a685152af90ec37bd3bde97d2fd5","name":"Stefan","image":{"@type":"ImageObject","inLanguage":"fr-FR","@id":"https:\/\/www.geolitho.eu\/fr\/#\/schema\/person\/image\/","url":"https:\/\/secure.gravatar.com\/avatar\/cc223dfb006edac6a335f532bbec2512832cae7812e02982a2df922ca3c39354?s=96&d=mm&r=g","contentUrl":"https:\/\/secure.gravatar.com\/avatar\/cc223dfb006edac6a335f532bbec2512832cae7812e02982a2df922ca3c39354?s=96&d=mm&r=g","caption":"Stefan"},"sameAs":["https:\/\/www.geolitho.eu\/wordpress"],"url":"https:\/\/www.geolitho.eu\/fr\/author\/stefan\/"}]}},"_links":{"self":[{"href":"https:\/\/www.geolitho.eu\/fr\/wp-json\/wp\/v2\/posts\/139","targetHints":{"allow":["GET"]}}],"collection":[{"href":"https:\/\/www.geolitho.eu\/fr\/wp-json\/wp\/v2\/posts"}],"about":[{"href":"https:\/\/www.geolitho.eu\/fr\/wp-json\/wp\/v2\/types\/post"}],"author":[{"embeddable":true,"href":"https:\/\/www.geolitho.eu\/fr\/wp-json\/wp\/v2\/users\/1"}],"replies":[{"embeddable":true,"href":"https:\/\/www.geolitho.eu\/fr\/wp-json\/wp\/v2\/comments?post=139"}],"version-history":[{"count":1,"href":"https:\/\/www.geolitho.eu\/fr\/wp-json\/wp\/v2\/posts\/139\/revisions"}],"predecessor-version":[{"id":140,"href":"https:\/\/www.geolitho.eu\/fr\/wp-json\/wp\/v2\/posts\/139\/revisions\/140"}],"wp:attachment":[{"href":"https:\/\/www.geolitho.eu\/fr\/wp-json\/wp\/v2\/media?parent=139"}],"wp:term":[{"taxonomy":"category","embeddable":true,"href":"https:\/\/www.geolitho.eu\/fr\/wp-json\/wp\/v2\/categories?post=139"},{"taxonomy":"post_tag","embeddable":true,"href":"https:\/\/www.geolitho.eu\/fr\/wp-json\/wp\/v2\/tags?post=139"}],"curies":[{"name":"wp","href":"https:\/\/api.w.org\/{rel}","templated":true}]}}