{"id":78,"date":"2025-11-25T16:39:07","date_gmt":"2025-11-25T15:39:07","guid":{"rendered":"https:\/\/www.geolitho.eu\/fr\/?p=78"},"modified":"2026-01-16T10:08:07","modified_gmt":"2026-01-16T09:08:07","slug":"changement-dassocies-et-de-direction-au-sein-de-la-geolitho-stiftung-ggmbh","status":"publish","type":"post","link":"https:\/\/www.geolitho.eu\/fr\/2025\/11\/25\/changement-dassocies-et-de-direction-au-sein-de-la-geolitho-stiftung-ggmbh\/","title":{"rendered":"Changement d\u2019associ\u00e9s et de direction au sein de la Geolitho Stiftung gGmbH"},"content":{"rendered":"\n<h2 class=\"wp-block-heading\">Changement d\u2019associ\u00e9 et de direction au sein de la Geolitho Stiftung gGmbH<\/h2>\n\n\n\n<p>Apr\u00e8s pr\u00e8s de qua\u00adtre ann\u00e9es d\u2019un engage\u00adment b\u00e9n\u00e9v\u00adole inten\u00adsif, <strong>Dr Man\u00adfred Seitz<\/strong>, cofon\u00adda\u00adteur et jusqu\u2019ici directeur g\u00e9n\u00e9ral, c\u00e8de ses parts de la Geolitho Stiftung et se retire de la direc\u00adtion. La respon\u00ads\u00adabil\u00adit\u00e9 est d\u00e9sor\u00admais reprise par <strong>Matthias Fieser<\/strong>.<\/p>\n\n\n\n<h3 class=\"wp-block-heading\">Manfred Seitz \u2013 esprit fondateur et pionnier<\/h3>\n\n\n\n<p>Bien que la Geolitho Stiftung n\u2019ait \u00e9t\u00e9 cr\u00e9\u00e9e qu\u2019en 2021, son suc\u00adc\u00e8s repose sur des bases pos\u00e9es d\u00e8s 2001 par le Dr Seitz : la <strong>Lithoth\u00e8que<\/strong>, une col\u00adlec\u00adtion com\u00admu\u00adnau\u00adtaire qu\u2019il a d\u00e9velop\u00adp\u00e9e, avec un petit groupe de pas\u00adsion\u00adn\u00e9s, pour en faire une insti\u00adtu\u00adtion recon\u00adnue dans le monde entier.<\/p>\n\n\n\n<p>\u00c2g\u00e9 de pr\u00e8s de 90 ans, le Dr Seitz souhaite, pour des raisons li\u00e9es \u00e0 l\u2019\u00e2ge, d\u00e9l\u00e9guer ses fonc\u00adtions afin de se con\u00adsacr\u00ader \u00e0 l\u2019essentiel : le con\u00adseil et le sou\u00adtien de la lithoth\u00e8que en arri\u00e8re-plan. Pour son engage\u00adment con\u00adstant, nous lui adres\u00adsons notre plus pro\u00adfonde grat\u00adi\u00adtude et notre plus haute recon\u00adnais\u00adsance.<\/p>\n\n\n\n<h3 class=\"wp-block-heading\">Matthias Fieser \u2013 nouvel associ\u00e9 et directeur g\u00e9n\u00e9ral<\/h3>\n\n\n\n<p>Nous avons la chance d\u2019avoir pu con\u00adva\u00adin\u00adcre <strong>Matthias Fieser<\/strong>, que nous con\u00adsid\u00ad\u00e9rons comme un suc\u00adcesseur digne et engag\u00e9. Nous l\u2019avons d\u2019abord con\u00adnu par ses achats r\u00e9guliers sur notre place de march\u00e9 ; depuis, il s\u2019investit plusieurs fois par semaine sur place \u00e0 la lithoth\u00e8que.<\/p>\n\n\n\n<p>Matthias apporte tout ce qui est n\u00e9ces\u00adsaire : \u00e9nergie, id\u00e9es nou\u00advelles et la volon\u00adt\u00e9 de faire \u00e9voluer la fon\u00adda\u00adtion. \u00c2g\u00e9 d\u2019une cinquan\u00adtaine d\u2019ann\u00e9es, il repr\u00e9sente un r\u00e9el atout pour notre \u00e9quipe. Il ne m\u00e9nage pas ses efforts, inter\u00advient l\u00e0 o\u00f9 l\u2019aide est req\u00aduise et peut, gr\u00e2ce \u00e0 une sit\u00adu\u00ada\u00adtion pro\u00adfes\u00adsion\u00adnelle sta\u00adble, con\u00adsacr\u00ader davan\u00adtage de temps \u00e0 la fon\u00adda\u00adtion.<\/p>\n\n\n\n<p>Les vis\u00adi\u00adteurs de la <strong>Munich Show 2025<\/strong> l\u2019ont peut-\u00eatre d\u00e9j\u00e0 aper\u00e7u au stand des Amis muni\u00adchois des min\u00e9raux, o\u00f9 il a apport\u00e9 une aide pr\u00e9\u00adcieuse.<\/p>\n\n\n\n<h3 class=\"wp-block-heading\">La structure de l\u2019actionnariat reste inchang\u00e9e<\/h3>\n\n\n\n<p>Apr\u00e8s ce change\u00adment, Matthias Fieser et Ste\u00adfan Schorn d\u00e9ti\u00aden\u00adnent tou\u00adjours cha\u00adcun une part \u00e9gale de la fon\u00adda\u00adtion, tan\u00addis que G\u00fcn\u00adter Frenz con\u00adserve sa par\u00adtic\u00adi\u00adpa\u00adtion minori\u00adtaire. L\u2019acte notar\u00adi\u00e9 offi\u00adcial\u00adisant le change\u00adment d\u2019associ\u00e9 et de direc\u00adtion a eu lieu le <strong>25 novem\u00adbre 2025<\/strong>.<\/p>\n\n\n\n<p>Nous remer\u00adcions chaleureuse\u00adment le Dr Man\u00adfred Seitz pour l\u2019\u0153uvre excep\u00adtion\u00adnelle de toute une vie et souhaitons la bien\u00adv\u00adenue \u00e0 Matthias Fieser. Ensem\u00adble, nous souhaitons con\u00adtin\u00aduer \u00e0 ren\u00adforcer les pro\u00adjets de la fon\u00adda\u00adtion et \u00e0 pro\u00admou\u00advoir durable\u00adment l\u2019int\u00e9r\u00eat pour la g\u00e9olo\u00adgie.<\/p>\n\n","protected":false},"excerpt":{"rendered":"<p>Change\u00adment d\u2019associ\u00e9 et de direc\u00adtion au sein de la Geolitho Stiftung gGmbH Apr\u00e8s pr\u00e8s de qua\u00adtre ann\u00e9es d\u2019un engage\u00adment b\u00e9n\u00e9v\u00adole inten\u00adsif, Dr Man\u00adfred Seitz, cofon\u00adda\u00adteur et jusqu\u2019ici directeur g\u00e9n\u00e9ral, c\u00e8de ses parts de la Geolitho Stiftung et se retire de la direc\u00adtion. La respon\u00ads\u00adabil\u00adit\u00e9 est d\u00e9sor\u00admais reprise par Matthias Fieser. Man\u00adfred Seitz \u2013 esprit fon\u00adda\u00adteur\u2026 <a class=\"more-link\" href=\"https:\/\/www.geolitho.eu\/fr\/2025\/11\/25\/changement-dassocies-et-de-direction-au-sein-de-la-geolitho-stiftung-ggmbh\/\">Pour\u00adsuiv\u00adre la lec\u00adture <span class=\"screen-reader-text\">Change\u00adment d\u2019associ\u00e9s et de direc\u00adtion au sein de la Geolitho Stiftung gGmbH<\/span><\/a><\/p>\n","protected":false},"author":1,"featured_media":0,"comment_status":"open","ping_status":"open","sticky":false,"template":"","format":"standard","meta":{"wp_typography_post_enhancements_disabled":false,"footnotes":""},"categories":[5,1],"tags":[],"class_list":["post-78","post","type-post","status-publish","format-standard","hentry","category-fondation","category-general","entry"],"yoast_head":"<!-- This site is optimized with the Yoast SEO plugin v26.9 - https:\/\/yoast.com\/product\/yoast-seo-wordpress\/ -->\n<title>Changement d\u2019associ\u00e9s et de direction au sein de la Geolitho Stiftung gGmbH - Fondation Geolitho gGmbH<\/title>\n<meta name=\"robots\" content=\"index, follow, max-snippet:-1, max-image-preview:large, max-video-preview:-1\" \/>\n<link rel=\"canonical\" href=\"https:\/\/www.geolitho.eu\/fr\/2025\/11\/25\/changement-dassocies-et-de-direction-au-sein-de-la-geolitho-stiftung-ggmbh\/\" \/>\n<meta property=\"og:locale\" content=\"fr_FR\" \/>\n<meta property=\"og:type\" content=\"article\" \/>\n<meta property=\"og:title\" content=\"Changement d\u2019associ\u00e9s et de direction au sein de la Geolitho Stiftung gGmbH - Fondation Geolitho gGmbH\" \/>\n<meta property=\"og:description\" content=\"Changement d\u2019associ\u00e9 et de direction au sein de la Geolitho Stiftung gGmbH Apr\u00e8s pr\u00e8s de qua\u00adtre ann\u00e9es d\u2019un engage\u00adment b\u00e9n\u00e9v\u00adole inten\u00adsif, Dr Man\u00adfred Seitz, cofon\u00adda\u00adteur et jusqu\u2019ici directeur g\u00e9n\u00e9ral, c\u00e8de ses parts de la Geolitho Stiftung et se retire de la direc\u00adtion. La respon\u00ads\u00adabil\u00adit\u00e9 est d\u00e9sor\u00admais reprise par Matthias Fieser. Manfred Seitz \u2013 esprit fondateur&hellip; Poursuivre la lecture Changement d\u2019associ\u00e9s et de direction au sein de la Geolitho Stiftung gGmbH\" \/>\n<meta property=\"og:url\" content=\"https:\/\/www.geolitho.eu\/fr\/2025\/11\/25\/changement-dassocies-et-de-direction-au-sein-de-la-geolitho-stiftung-ggmbh\/\" \/>\n<meta property=\"og:site_name\" content=\"Fondation Geolitho gGmbH\" \/>\n<meta property=\"article:published_time\" content=\"2025-11-25T15:39:07+00:00\" \/>\n<meta property=\"article:modified_time\" content=\"2026-01-16T09:08:07+00:00\" \/>\n<meta name=\"author\" content=\"Stefan\" \/>\n<meta name=\"twitter:card\" content=\"summary_large_image\" \/>\n<meta name=\"twitter:label1\" content=\"\u00c9crit par\" \/>\n\t<meta name=\"twitter:data1\" content=\"Stefan\" \/>\n\t<meta name=\"twitter:label2\" content=\"Dur\u00e9e de lecture estim\u00e9e\" \/>\n\t<meta name=\"twitter:data2\" content=\"2 minutes\" \/>\n<script type=\"application\/ld+json\" class=\"yoast-schema-graph\">{\"@context\":\"https:\/\/schema.org\",\"@graph\":[{\"@type\":\"Article\",\"@id\":\"https:\/\/www.geolitho.eu\/fr\/2025\/11\/25\/changement-dassocies-et-de-direction-au-sein-de-la-geolitho-stiftung-ggmbh\/#article\",\"isPartOf\":{\"@id\":\"https:\/\/www.geolitho.eu\/fr\/2025\/11\/25\/changement-dassocies-et-de-direction-au-sein-de-la-geolitho-stiftung-ggmbh\/\"},\"author\":{\"name\":\"Stefan\",\"@id\":\"https:\/\/www.geolitho.eu\/fr\/#\/schema\/person\/4933a685152af90ec37bd3bde97d2fd5\"},\"headline\":\"Changement d\u2019associ\u00e9s et de direction au sein de la Geolitho Stiftung gGmbH\",\"datePublished\":\"2025-11-25T15:39:07+00:00\",\"dateModified\":\"2026-01-16T09:08:07+00:00\",\"mainEntityOfPage\":{\"@id\":\"https:\/\/www.geolitho.eu\/fr\/2025\/11\/25\/changement-dassocies-et-de-direction-au-sein-de-la-geolitho-stiftung-ggmbh\/\"},\"wordCount\":441,\"commentCount\":0,\"publisher\":{\"@id\":\"https:\/\/www.geolitho.eu\/fr\/#organization\"},\"articleSection\":[\"Fondation\",\"G\u00e9n\u00e9ral\"],\"inLanguage\":\"fr-FR\",\"potentialAction\":[{\"@type\":\"CommentAction\",\"name\":\"Comment\",\"target\":[\"https:\/\/www.geolitho.eu\/fr\/2025\/11\/25\/changement-dassocies-et-de-direction-au-sein-de-la-geolitho-stiftung-ggmbh\/#respond\"]}]},{\"@type\":\"WebPage\",\"@id\":\"https:\/\/www.geolitho.eu\/fr\/2025\/11\/25\/changement-dassocies-et-de-direction-au-sein-de-la-geolitho-stiftung-ggmbh\/\",\"url\":\"https:\/\/www.geolitho.eu\/fr\/2025\/11\/25\/changement-dassocies-et-de-direction-au-sein-de-la-geolitho-stiftung-ggmbh\/\",\"name\":\"Changement d\u2019associ\u00e9s et de direction au sein de la Geolitho Stiftung gGmbH - Fondation Geolitho gGmbH\",\"isPartOf\":{\"@id\":\"https:\/\/www.geolitho.eu\/fr\/#website\"},\"datePublished\":\"2025-11-25T15:39:07+00:00\",\"dateModified\":\"2026-01-16T09:08:07+00:00\",\"breadcrumb\":{\"@id\":\"https:\/\/www.geolitho.eu\/fr\/2025\/11\/25\/changement-dassocies-et-de-direction-au-sein-de-la-geolitho-stiftung-ggmbh\/#breadcrumb\"},\"inLanguage\":\"fr-FR\",\"potentialAction\":[{\"@type\":\"ReadAction\",\"target\":[\"https:\/\/www.geolitho.eu\/fr\/2025\/11\/25\/changement-dassocies-et-de-direction-au-sein-de-la-geolitho-stiftung-ggmbh\/\"]}]},{\"@type\":\"BreadcrumbList\",\"@id\":\"https:\/\/www.geolitho.eu\/fr\/2025\/11\/25\/changement-dassocies-et-de-direction-au-sein-de-la-geolitho-stiftung-ggmbh\/#breadcrumb\",\"itemListElement\":[{\"@type\":\"ListItem\",\"position\":1,\"name\":\"Start\",\"item\":\"https:\/\/www.geolitho.eu\/fr\/\"},{\"@type\":\"ListItem\",\"position\":2,\"name\":\"Changement d\u2019associ\u00e9s et de direction au sein de la Geolitho Stiftung gGmbH\"}]},{\"@type\":\"WebSite\",\"@id\":\"https:\/\/www.geolitho.eu\/fr\/#website\",\"url\":\"https:\/\/www.geolitho.eu\/fr\/\",\"name\":\"Fondation Geolitho gGmbH\",\"description\":\"Geolitho \u2013 la min\u00e9ralogie et la g\u00e9ologie \u00e0 port\u00e9e de main.\",\"publisher\":{\"@id\":\"https:\/\/www.geolitho.eu\/fr\/#organization\"},\"potentialAction\":[{\"@type\":\"SearchAction\",\"target\":{\"@type\":\"EntryPoint\",\"urlTemplate\":\"https:\/\/www.geolitho.eu\/fr\/?s={search_term_string}\"},\"query-input\":{\"@type\":\"PropertyValueSpecification\",\"valueRequired\":true,\"valueName\":\"search_term_string\"}}],\"inLanguage\":\"fr-FR\"},{\"@type\":\"Organization\",\"@id\":\"https:\/\/www.geolitho.eu\/fr\/#organization\",\"name\":\"Fondation Geolitho gGmbH\",\"url\":\"https:\/\/www.geolitho.eu\/fr\/\",\"logo\":{\"@type\":\"ImageObject\",\"inLanguage\":\"fr-FR\",\"@id\":\"https:\/\/www.geolitho.eu\/fr\/#\/schema\/logo\/image\/\",\"url\":\"https:\/\/www.geolitho.eu\/fr\/wp-content\/uploads\/sites\/6\/2026\/01\/geolitho-hellgrau.png\",\"contentUrl\":\"https:\/\/www.geolitho.eu\/fr\/wp-content\/uploads\/sites\/6\/2026\/01\/geolitho-hellgrau.png\",\"width\":900,\"height\":142,\"caption\":\"Fondation Geolitho gGmbH\"},\"image\":{\"@id\":\"https:\/\/www.geolitho.eu\/fr\/#\/schema\/logo\/image\/\"}},{\"@type\":\"Person\",\"@id\":\"https:\/\/www.geolitho.eu\/fr\/#\/schema\/person\/4933a685152af90ec37bd3bde97d2fd5\",\"name\":\"Stefan\",\"image\":{\"@type\":\"ImageObject\",\"inLanguage\":\"fr-FR\",\"@id\":\"https:\/\/www.geolitho.eu\/fr\/#\/schema\/person\/image\/\",\"url\":\"https:\/\/secure.gravatar.com\/avatar\/cc223dfb006edac6a335f532bbec2512832cae7812e02982a2df922ca3c39354?s=96&d=mm&r=g\",\"contentUrl\":\"https:\/\/secure.gravatar.com\/avatar\/cc223dfb006edac6a335f532bbec2512832cae7812e02982a2df922ca3c39354?s=96&d=mm&r=g\",\"caption\":\"Stefan\"},\"sameAs\":[\"https:\/\/www.geolitho.eu\/wordpress\"],\"url\":\"https:\/\/www.geolitho.eu\/fr\/author\/stefan\/\"}]}<\/script>\n<!-- \/ Yoast SEO plugin. -->","yoast_head_json":{"title":"Changement d\u2019associ\u00e9s et de direction au sein de la Geolitho Stiftung gGmbH - Fondation Geolitho gGmbH","robots":{"index":"index","follow":"follow","max-snippet":"max-snippet:-1","max-image-preview":"max-image-preview:large","max-video-preview":"max-video-preview:-1"},"canonical":"https:\/\/www.geolitho.eu\/fr\/2025\/11\/25\/changement-dassocies-et-de-direction-au-sein-de-la-geolitho-stiftung-ggmbh\/","og_locale":"fr_FR","og_type":"article","og_title":"Changement d\u2019associ\u00e9s et de direction au sein de la Geolitho Stiftung gGmbH - Fondation Geolitho gGmbH","og_description":"Changement d\u2019associ\u00e9 et de direction au sein de la Geolitho Stiftung gGmbH Apr\u00e8s pr\u00e8s de qua\u00adtre ann\u00e9es d\u2019un engage\u00adment b\u00e9n\u00e9v\u00adole inten\u00adsif, Dr Man\u00adfred Seitz, cofon\u00adda\u00adteur et jusqu\u2019ici directeur g\u00e9n\u00e9ral, c\u00e8de ses parts de la Geolitho Stiftung et se retire de la direc\u00adtion. La respon\u00ads\u00adabil\u00adit\u00e9 est d\u00e9sor\u00admais reprise par Matthias Fieser. Manfred Seitz \u2013 esprit fondateur&hellip; Poursuivre la lecture Changement d\u2019associ\u00e9s et de direction au sein de la Geolitho Stiftung gGmbH","og_url":"https:\/\/www.geolitho.eu\/fr\/2025\/11\/25\/changement-dassocies-et-de-direction-au-sein-de-la-geolitho-stiftung-ggmbh\/","og_site_name":"Fondation Geolitho gGmbH","article_published_time":"2025-11-25T15:39:07+00:00","article_modified_time":"2026-01-16T09:08:07+00:00","author":"Stefan","twitter_card":"summary_large_image","twitter_misc":{"\u00c9crit par":"Stefan","Dur\u00e9e de lecture estim\u00e9e":"2 minutes"},"schema":{"@context":"https:\/\/schema.org","@graph":[{"@type":"Article","@id":"https:\/\/www.geolitho.eu\/fr\/2025\/11\/25\/changement-dassocies-et-de-direction-au-sein-de-la-geolitho-stiftung-ggmbh\/#article","isPartOf":{"@id":"https:\/\/www.geolitho.eu\/fr\/2025\/11\/25\/changement-dassocies-et-de-direction-au-sein-de-la-geolitho-stiftung-ggmbh\/"},"author":{"name":"Stefan","@id":"https:\/\/www.geolitho.eu\/fr\/#\/schema\/person\/4933a685152af90ec37bd3bde97d2fd5"},"headline":"Changement d\u2019associ\u00e9s et de direction au sein de la Geolitho Stiftung gGmbH","datePublished":"2025-11-25T15:39:07+00:00","dateModified":"2026-01-16T09:08:07+00:00","mainEntityOfPage":{"@id":"https:\/\/www.geolitho.eu\/fr\/2025\/11\/25\/changement-dassocies-et-de-direction-au-sein-de-la-geolitho-stiftung-ggmbh\/"},"wordCount":441,"commentCount":0,"publisher":{"@id":"https:\/\/www.geolitho.eu\/fr\/#organization"},"articleSection":["Fondation","G\u00e9n\u00e9ral"],"inLanguage":"fr-FR","potentialAction":[{"@type":"CommentAction","name":"Comment","target":["https:\/\/www.geolitho.eu\/fr\/2025\/11\/25\/changement-dassocies-et-de-direction-au-sein-de-la-geolitho-stiftung-ggmbh\/#respond"]}]},{"@type":"WebPage","@id":"https:\/\/www.geolitho.eu\/fr\/2025\/11\/25\/changement-dassocies-et-de-direction-au-sein-de-la-geolitho-stiftung-ggmbh\/","url":"https:\/\/www.geolitho.eu\/fr\/2025\/11\/25\/changement-dassocies-et-de-direction-au-sein-de-la-geolitho-stiftung-ggmbh\/","name":"Changement d\u2019associ\u00e9s et de direction au sein de la Geolitho Stiftung gGmbH - Fondation Geolitho gGmbH","isPartOf":{"@id":"https:\/\/www.geolitho.eu\/fr\/#website"},"datePublished":"2025-11-25T15:39:07+00:00","dateModified":"2026-01-16T09:08:07+00:00","breadcrumb":{"@id":"https:\/\/www.geolitho.eu\/fr\/2025\/11\/25\/changement-dassocies-et-de-direction-au-sein-de-la-geolitho-stiftung-ggmbh\/#breadcrumb"},"inLanguage":"fr-FR","potentialAction":[{"@type":"ReadAction","target":["https:\/\/www.geolitho.eu\/fr\/2025\/11\/25\/changement-dassocies-et-de-direction-au-sein-de-la-geolitho-stiftung-ggmbh\/"]}]},{"@type":"BreadcrumbList","@id":"https:\/\/www.geolitho.eu\/fr\/2025\/11\/25\/changement-dassocies-et-de-direction-au-sein-de-la-geolitho-stiftung-ggmbh\/#breadcrumb","itemListElement":[{"@type":"ListItem","position":1,"name":"Start","item":"https:\/\/www.geolitho.eu\/fr\/"},{"@type":"ListItem","position":2,"name":"Changement d\u2019associ\u00e9s et de direction au sein de la Geolitho Stiftung gGmbH"}]},{"@type":"WebSite","@id":"https:\/\/www.geolitho.eu\/fr\/#website","url":"https:\/\/www.geolitho.eu\/fr\/","name":"Fondation Geolitho gGmbH","description":"Geolitho \u2013 la min\u00e9ralogie et la g\u00e9ologie \u00e0 port\u00e9e de main.","publisher":{"@id":"https:\/\/www.geolitho.eu\/fr\/#organization"},"potentialAction":[{"@type":"SearchAction","target":{"@type":"EntryPoint","urlTemplate":"https:\/\/www.geolitho.eu\/fr\/?s={search_term_string}"},"query-input":{"@type":"PropertyValueSpecification","valueRequired":true,"valueName":"search_term_string"}}],"inLanguage":"fr-FR"},{"@type":"Organization","@id":"https:\/\/www.geolitho.eu\/fr\/#organization","name":"Fondation Geolitho gGmbH","url":"https:\/\/www.geolitho.eu\/fr\/","logo":{"@type":"ImageObject","inLanguage":"fr-FR","@id":"https:\/\/www.geolitho.eu\/fr\/#\/schema\/logo\/image\/","url":"https:\/\/www.geolitho.eu\/fr\/wp-content\/uploads\/sites\/6\/2026\/01\/geolitho-hellgrau.png","contentUrl":"https:\/\/www.geolitho.eu\/fr\/wp-content\/uploads\/sites\/6\/2026\/01\/geolitho-hellgrau.png","width":900,"height":142,"caption":"Fondation Geolitho gGmbH"},"image":{"@id":"https:\/\/www.geolitho.eu\/fr\/#\/schema\/logo\/image\/"}},{"@type":"Person","@id":"https:\/\/www.geolitho.eu\/fr\/#\/schema\/person\/4933a685152af90ec37bd3bde97d2fd5","name":"Stefan","image":{"@type":"ImageObject","inLanguage":"fr-FR","@id":"https:\/\/www.geolitho.eu\/fr\/#\/schema\/person\/image\/","url":"https:\/\/secure.gravatar.com\/avatar\/cc223dfb006edac6a335f532bbec2512832cae7812e02982a2df922ca3c39354?s=96&d=mm&r=g","contentUrl":"https:\/\/secure.gravatar.com\/avatar\/cc223dfb006edac6a335f532bbec2512832cae7812e02982a2df922ca3c39354?s=96&d=mm&r=g","caption":"Stefan"},"sameAs":["https:\/\/www.geolitho.eu\/wordpress"],"url":"https:\/\/www.geolitho.eu\/fr\/author\/stefan\/"}]}},"_links":{"self":[{"href":"https:\/\/www.geolitho.eu\/fr\/wp-json\/wp\/v2\/posts\/78","targetHints":{"allow":["GET"]}}],"collection":[{"href":"https:\/\/www.geolitho.eu\/fr\/wp-json\/wp\/v2\/posts"}],"about":[{"href":"https:\/\/www.geolitho.eu\/fr\/wp-json\/wp\/v2\/types\/post"}],"author":[{"embeddable":true,"href":"https:\/\/www.geolitho.eu\/fr\/wp-json\/wp\/v2\/users\/1"}],"replies":[{"embeddable":true,"href":"https:\/\/www.geolitho.eu\/fr\/wp-json\/wp\/v2\/comments?post=78"}],"version-history":[{"count":1,"href":"https:\/\/www.geolitho.eu\/fr\/wp-json\/wp\/v2\/posts\/78\/revisions"}],"predecessor-version":[{"id":79,"href":"https:\/\/www.geolitho.eu\/fr\/wp-json\/wp\/v2\/posts\/78\/revisions\/79"}],"wp:attachment":[{"href":"https:\/\/www.geolitho.eu\/fr\/wp-json\/wp\/v2\/media?parent=78"}],"wp:term":[{"taxonomy":"category","embeddable":true,"href":"https:\/\/www.geolitho.eu\/fr\/wp-json\/wp\/v2\/categories?post=78"},{"taxonomy":"post_tag","embeddable":true,"href":"https:\/\/www.geolitho.eu\/fr\/wp-json\/wp\/v2\/tags?post=78"}],"curies":[{"name":"wp","href":"https:\/\/api.w.org\/{rel}","templated":true}]}}