{"id":73,"date":"2026-01-24T21:47:37","date_gmt":"2026-01-24T20:47:37","guid":{"rendered":"https:\/\/www.geolitho.eu\/pt\/?p=73"},"modified":"2026-01-24T21:47:37","modified_gmt":"2026-01-24T20:47:37","slug":"geolitho-agora-fala-cinco-idiomas","status":"publish","type":"post","link":"https:\/\/www.geolitho.eu\/pt\/2026\/01\/24\/geolitho-agora-fala-cinco-idiomas\/","title":{"rendered":"Geolitho agora fala cinco idiomas"},"content":{"rendered":"\n<p>A Geolitho disponi\u00adbi\u00adliza ago\u00adra todos os seus con\u00adte\u00fa\u00addos \u2013 incluin\u00addo a gest\u00e3o de cole\u00e7\u00f5es, o museu e o mer\u00adca\u00addo \u2013 em cin\u00adco idiomas. Al\u00e9m do alem\u00e3o, ingl\u00eas, espan\u00adhol e franc\u00eas, a platafor\u00adma pas\u00adsa a estar dispon\u00edv\u00adel tam\u00adb\u00e9m em por\u00adtugu\u00eas.<br>Com isso, pre\u00adtendemos facil\u00adi\u00adtar o aces\u00adso e per\u00admi\u00adtir que ain\u00adda mais pes\u00adsoas em todo o mun\u00addo uti\u00adlizem a ofer\u00adta gra\u00adtui\u00adta da fun\u00adda\u00e7\u00e3o.<\/p>\n","protected":false},"excerpt":{"rendered":"<p>A Geolitho disponi\u00adbi\u00adliza ago\u00adra todos os seus con\u00adte\u00fa\u00addos \u2013 incluin\u00addo a gest\u00e3o de cole\u00e7\u00f5es, o museu e o mer\u00adca\u00addo \u2013 em cin\u00adco idiomas. Al\u00e9m do alem\u00e3o, ingl\u00eas, espan\u00adhol e franc\u00eas, a platafor\u00adma pas\u00adsa a estar dispon\u00edv\u00adel tam\u00adb\u00e9m em por\u00adtugu\u00eas.Com isso, pre\u00adtendemos facil\u00adi\u00adtar o aces\u00adso e per\u00admi\u00adtir que ain\u00adda mais pes\u00adsoas em todo o mun\u00addo uti\u00adlizem\u2026 <a class=\"more-link\" href=\"https:\/\/www.geolitho.eu\/pt\/2026\/01\/24\/geolitho-agora-fala-cinco-idiomas\/\">Con\u00adtin\u00adue a ler <span class=\"screen-reader-text\">Geolitho ago\u00adra fala cin\u00adco idiomas<\/span><\/a><\/p>\n","protected":false},"author":1,"featured_media":0,"comment_status":"closed","ping_status":"closed","sticky":false,"template":"","format":"standard","meta":{"wp_typography_post_enhancements_disabled":false,"footnotes":""},"categories":[1],"tags":[],"class_list":["post-73","post","type-post","status-publish","format-standard","hentry","category-geral","entry"],"yoast_head":"<!-- This site is optimized with the Yoast SEO plugin v26.9 - https:\/\/yoast.com\/product\/yoast-seo-wordpress\/ -->\n<title>Geolitho agora fala cinco idiomas - Funda\u00e7\u00e3o Geolitho gGmbH<\/title>\n<meta name=\"robots\" content=\"index, follow, max-snippet:-1, max-image-preview:large, max-video-preview:-1\" \/>\n<link rel=\"canonical\" href=\"https:\/\/www.geolitho.eu\/pt\/2026\/01\/24\/geolitho-agora-fala-cinco-idiomas\/\" \/>\n<meta property=\"og:locale\" content=\"pt_PT\" \/>\n<meta property=\"og:type\" content=\"article\" \/>\n<meta property=\"og:title\" content=\"Geolitho agora fala cinco idiomas - Funda\u00e7\u00e3o Geolitho gGmbH\" \/>\n<meta property=\"og:description\" content=\"A Geolitho disponi\u00adbi\u00adliza ago\u00adra todos os seus con\u00adte\u00fa\u00addos \u2013 incluin\u00addo a gest\u00e3o de cole\u00e7\u00f5es, o museu e o mer\u00adca\u00addo \u2013 em cin\u00adco idiomas. Al\u00e9m do alem\u00e3o, ingl\u00eas, espan\u00adhol e franc\u00eas, a platafor\u00adma pas\u00adsa a estar dispon\u00edv\u00adel tam\u00adb\u00e9m em por\u00adtugu\u00eas.Com isso, pre\u00adtendemos facil\u00adi\u00adtar o aces\u00adso e per\u00admi\u00adtir que ain\u00adda mais pes\u00adsoas em todo o mun\u00addo uti\u00adlizem&hellip; Continue a ler Geolitho agora fala cinco idiomas\" \/>\n<meta property=\"og:url\" content=\"https:\/\/www.geolitho.eu\/pt\/2026\/01\/24\/geolitho-agora-fala-cinco-idiomas\/\" \/>\n<meta property=\"og:site_name\" content=\"Funda\u00e7\u00e3o Geolitho gGmbH\" \/>\n<meta property=\"article:published_time\" content=\"2026-01-24T20:47:37+00:00\" \/>\n<meta name=\"author\" content=\"Stefan\" \/>\n<meta name=\"twitter:card\" content=\"summary_large_image\" \/>\n<meta name=\"twitter:label1\" content=\"Escrito por\" \/>\n\t<meta name=\"twitter:data1\" content=\"Stefan\" \/>\n\t<meta name=\"twitter:label2\" content=\"Tempo estimado de leitura\" \/>\n\t<meta name=\"twitter:data2\" content=\"1 minuto\" \/>\n<script type=\"application\/ld+json\" class=\"yoast-schema-graph\">{\"@context\":\"https:\/\/schema.org\",\"@graph\":[{\"@type\":\"Article\",\"@id\":\"https:\/\/www.geolitho.eu\/pt\/2026\/01\/24\/geolitho-agora-fala-cinco-idiomas\/#article\",\"isPartOf\":{\"@id\":\"https:\/\/www.geolitho.eu\/pt\/2026\/01\/24\/geolitho-agora-fala-cinco-idiomas\/\"},\"author\":{\"name\":\"Stefan\",\"@id\":\"https:\/\/www.geolitho.eu\/pt\/#\/schema\/person\/4933a685152af90ec37bd3bde97d2fd5\"},\"headline\":\"Geolitho agora fala cinco idiomas\",\"datePublished\":\"2026-01-24T20:47:37+00:00\",\"mainEntityOfPage\":{\"@id\":\"https:\/\/www.geolitho.eu\/pt\/2026\/01\/24\/geolitho-agora-fala-cinco-idiomas\/\"},\"wordCount\":75,\"publisher\":{\"@id\":\"https:\/\/www.geolitho.eu\/pt\/#organization\"},\"articleSection\":[\"Geral\"],\"inLanguage\":\"pt-PT\"},{\"@type\":\"WebPage\",\"@id\":\"https:\/\/www.geolitho.eu\/pt\/2026\/01\/24\/geolitho-agora-fala-cinco-idiomas\/\",\"url\":\"https:\/\/www.geolitho.eu\/pt\/2026\/01\/24\/geolitho-agora-fala-cinco-idiomas\/\",\"name\":\"Geolitho agora fala cinco idiomas - Funda\u00e7\u00e3o Geolitho gGmbH\",\"isPartOf\":{\"@id\":\"https:\/\/www.geolitho.eu\/pt\/#website\"},\"datePublished\":\"2026-01-24T20:47:37+00:00\",\"breadcrumb\":{\"@id\":\"https:\/\/www.geolitho.eu\/pt\/2026\/01\/24\/geolitho-agora-fala-cinco-idiomas\/#breadcrumb\"},\"inLanguage\":\"pt-PT\",\"potentialAction\":[{\"@type\":\"ReadAction\",\"target\":[\"https:\/\/www.geolitho.eu\/pt\/2026\/01\/24\/geolitho-agora-fala-cinco-idiomas\/\"]}]},{\"@type\":\"BreadcrumbList\",\"@id\":\"https:\/\/www.geolitho.eu\/pt\/2026\/01\/24\/geolitho-agora-fala-cinco-idiomas\/#breadcrumb\",\"itemListElement\":[{\"@type\":\"ListItem\",\"position\":1,\"name\":\"Start\",\"item\":\"https:\/\/www.geolitho.eu\/pt\/\"},{\"@type\":\"ListItem\",\"position\":2,\"name\":\"Geolitho agora fala cinco idiomas\"}]},{\"@type\":\"WebSite\",\"@id\":\"https:\/\/www.geolitho.eu\/pt\/#website\",\"url\":\"https:\/\/www.geolitho.eu\/pt\/\",\"name\":\"Funda\u00e7\u00e3o Geolitho gGmbH\",\"description\":\"Geolitho \u2013 Mineralogia e Geologia para Vivenciar.\",\"publisher\":{\"@id\":\"https:\/\/www.geolitho.eu\/pt\/#organization\"},\"potentialAction\":[{\"@type\":\"SearchAction\",\"target\":{\"@type\":\"EntryPoint\",\"urlTemplate\":\"https:\/\/www.geolitho.eu\/pt\/?s={search_term_string}\"},\"query-input\":{\"@type\":\"PropertyValueSpecification\",\"valueRequired\":true,\"valueName\":\"search_term_string\"}}],\"inLanguage\":\"pt-PT\"},{\"@type\":\"Organization\",\"@id\":\"https:\/\/www.geolitho.eu\/pt\/#organization\",\"name\":\"Funda\u00e7\u00e3o Geolitho gGmbH\",\"url\":\"https:\/\/www.geolitho.eu\/pt\/\",\"logo\":{\"@type\":\"ImageObject\",\"inLanguage\":\"pt-PT\",\"@id\":\"https:\/\/www.geolitho.eu\/pt\/#\/schema\/logo\/image\/\",\"url\":\"https:\/\/www.geolitho.eu\/pt\/wp-content\/uploads\/sites\/7\/2026\/01\/geolitho-hellgrau.png\",\"contentUrl\":\"https:\/\/www.geolitho.eu\/pt\/wp-content\/uploads\/sites\/7\/2026\/01\/geolitho-hellgrau.png\",\"width\":900,\"height\":142,\"caption\":\"Funda\u00e7\u00e3o Geolitho gGmbH\"},\"image\":{\"@id\":\"https:\/\/www.geolitho.eu\/pt\/#\/schema\/logo\/image\/\"}},{\"@type\":\"Person\",\"@id\":\"https:\/\/www.geolitho.eu\/pt\/#\/schema\/person\/4933a685152af90ec37bd3bde97d2fd5\",\"name\":\"Stefan\",\"image\":{\"@type\":\"ImageObject\",\"inLanguage\":\"pt-PT\",\"@id\":\"https:\/\/www.geolitho.eu\/pt\/#\/schema\/person\/image\/\",\"url\":\"https:\/\/secure.gravatar.com\/avatar\/cc223dfb006edac6a335f532bbec2512832cae7812e02982a2df922ca3c39354?s=96&d=mm&r=g\",\"contentUrl\":\"https:\/\/secure.gravatar.com\/avatar\/cc223dfb006edac6a335f532bbec2512832cae7812e02982a2df922ca3c39354?s=96&d=mm&r=g\",\"caption\":\"Stefan\"},\"sameAs\":[\"https:\/\/www.geolitho.eu\/wordpress\"],\"url\":\"https:\/\/www.geolitho.eu\/pt\/author\/stefan\/\"}]}<\/script>\n<!-- \/ Yoast SEO plugin. -->","yoast_head_json":{"title":"Geolitho agora fala cinco idiomas - Funda\u00e7\u00e3o Geolitho gGmbH","robots":{"index":"index","follow":"follow","max-snippet":"max-snippet:-1","max-image-preview":"max-image-preview:large","max-video-preview":"max-video-preview:-1"},"canonical":"https:\/\/www.geolitho.eu\/pt\/2026\/01\/24\/geolitho-agora-fala-cinco-idiomas\/","og_locale":"pt_PT","og_type":"article","og_title":"Geolitho agora fala cinco idiomas - Funda\u00e7\u00e3o Geolitho gGmbH","og_description":"A Geolitho disponi\u00adbi\u00adliza ago\u00adra todos os seus con\u00adte\u00fa\u00addos \u2013 incluin\u00addo a gest\u00e3o de cole\u00e7\u00f5es, o museu e o mer\u00adca\u00addo \u2013 em cin\u00adco idiomas. Al\u00e9m do alem\u00e3o, ingl\u00eas, espan\u00adhol e franc\u00eas, a platafor\u00adma pas\u00adsa a estar dispon\u00edv\u00adel tam\u00adb\u00e9m em por\u00adtugu\u00eas.Com isso, pre\u00adtendemos facil\u00adi\u00adtar o aces\u00adso e per\u00admi\u00adtir que ain\u00adda mais pes\u00adsoas em todo o mun\u00addo uti\u00adlizem&hellip; Continue a ler Geolitho agora fala cinco idiomas","og_url":"https:\/\/www.geolitho.eu\/pt\/2026\/01\/24\/geolitho-agora-fala-cinco-idiomas\/","og_site_name":"Funda\u00e7\u00e3o Geolitho gGmbH","article_published_time":"2026-01-24T20:47:37+00:00","author":"Stefan","twitter_card":"summary_large_image","twitter_misc":{"Escrito por":"Stefan","Tempo estimado de leitura":"1 minuto"},"schema":{"@context":"https:\/\/schema.org","@graph":[{"@type":"Article","@id":"https:\/\/www.geolitho.eu\/pt\/2026\/01\/24\/geolitho-agora-fala-cinco-idiomas\/#article","isPartOf":{"@id":"https:\/\/www.geolitho.eu\/pt\/2026\/01\/24\/geolitho-agora-fala-cinco-idiomas\/"},"author":{"name":"Stefan","@id":"https:\/\/www.geolitho.eu\/pt\/#\/schema\/person\/4933a685152af90ec37bd3bde97d2fd5"},"headline":"Geolitho agora fala cinco idiomas","datePublished":"2026-01-24T20:47:37+00:00","mainEntityOfPage":{"@id":"https:\/\/www.geolitho.eu\/pt\/2026\/01\/24\/geolitho-agora-fala-cinco-idiomas\/"},"wordCount":75,"publisher":{"@id":"https:\/\/www.geolitho.eu\/pt\/#organization"},"articleSection":["Geral"],"inLanguage":"pt-PT"},{"@type":"WebPage","@id":"https:\/\/www.geolitho.eu\/pt\/2026\/01\/24\/geolitho-agora-fala-cinco-idiomas\/","url":"https:\/\/www.geolitho.eu\/pt\/2026\/01\/24\/geolitho-agora-fala-cinco-idiomas\/","name":"Geolitho agora fala cinco idiomas - Funda\u00e7\u00e3o Geolitho gGmbH","isPartOf":{"@id":"https:\/\/www.geolitho.eu\/pt\/#website"},"datePublished":"2026-01-24T20:47:37+00:00","breadcrumb":{"@id":"https:\/\/www.geolitho.eu\/pt\/2026\/01\/24\/geolitho-agora-fala-cinco-idiomas\/#breadcrumb"},"inLanguage":"pt-PT","potentialAction":[{"@type":"ReadAction","target":["https:\/\/www.geolitho.eu\/pt\/2026\/01\/24\/geolitho-agora-fala-cinco-idiomas\/"]}]},{"@type":"BreadcrumbList","@id":"https:\/\/www.geolitho.eu\/pt\/2026\/01\/24\/geolitho-agora-fala-cinco-idiomas\/#breadcrumb","itemListElement":[{"@type":"ListItem","position":1,"name":"Start","item":"https:\/\/www.geolitho.eu\/pt\/"},{"@type":"ListItem","position":2,"name":"Geolitho agora fala cinco idiomas"}]},{"@type":"WebSite","@id":"https:\/\/www.geolitho.eu\/pt\/#website","url":"https:\/\/www.geolitho.eu\/pt\/","name":"Funda\u00e7\u00e3o Geolitho gGmbH","description":"Geolitho \u2013 Mineralogia e Geologia para Vivenciar.","publisher":{"@id":"https:\/\/www.geolitho.eu\/pt\/#organization"},"potentialAction":[{"@type":"SearchAction","target":{"@type":"EntryPoint","urlTemplate":"https:\/\/www.geolitho.eu\/pt\/?s={search_term_string}"},"query-input":{"@type":"PropertyValueSpecification","valueRequired":true,"valueName":"search_term_string"}}],"inLanguage":"pt-PT"},{"@type":"Organization","@id":"https:\/\/www.geolitho.eu\/pt\/#organization","name":"Funda\u00e7\u00e3o Geolitho gGmbH","url":"https:\/\/www.geolitho.eu\/pt\/","logo":{"@type":"ImageObject","inLanguage":"pt-PT","@id":"https:\/\/www.geolitho.eu\/pt\/#\/schema\/logo\/image\/","url":"https:\/\/www.geolitho.eu\/pt\/wp-content\/uploads\/sites\/7\/2026\/01\/geolitho-hellgrau.png","contentUrl":"https:\/\/www.geolitho.eu\/pt\/wp-content\/uploads\/sites\/7\/2026\/01\/geolitho-hellgrau.png","width":900,"height":142,"caption":"Funda\u00e7\u00e3o Geolitho gGmbH"},"image":{"@id":"https:\/\/www.geolitho.eu\/pt\/#\/schema\/logo\/image\/"}},{"@type":"Person","@id":"https:\/\/www.geolitho.eu\/pt\/#\/schema\/person\/4933a685152af90ec37bd3bde97d2fd5","name":"Stefan","image":{"@type":"ImageObject","inLanguage":"pt-PT","@id":"https:\/\/www.geolitho.eu\/pt\/#\/schema\/person\/image\/","url":"https:\/\/secure.gravatar.com\/avatar\/cc223dfb006edac6a335f532bbec2512832cae7812e02982a2df922ca3c39354?s=96&d=mm&r=g","contentUrl":"https:\/\/secure.gravatar.com\/avatar\/cc223dfb006edac6a335f532bbec2512832cae7812e02982a2df922ca3c39354?s=96&d=mm&r=g","caption":"Stefan"},"sameAs":["https:\/\/www.geolitho.eu\/wordpress"],"url":"https:\/\/www.geolitho.eu\/pt\/author\/stefan\/"}]}},"_links":{"self":[{"href":"https:\/\/www.geolitho.eu\/pt\/wp-json\/wp\/v2\/posts\/73","targetHints":{"allow":["GET"]}}],"collection":[{"href":"https:\/\/www.geolitho.eu\/pt\/wp-json\/wp\/v2\/posts"}],"about":[{"href":"https:\/\/www.geolitho.eu\/pt\/wp-json\/wp\/v2\/types\/post"}],"author":[{"embeddable":true,"href":"https:\/\/www.geolitho.eu\/pt\/wp-json\/wp\/v2\/users\/1"}],"replies":[{"embeddable":true,"href":"https:\/\/www.geolitho.eu\/pt\/wp-json\/wp\/v2\/comments?post=73"}],"version-history":[{"count":1,"href":"https:\/\/www.geolitho.eu\/pt\/wp-json\/wp\/v2\/posts\/73\/revisions"}],"predecessor-version":[{"id":74,"href":"https:\/\/www.geolitho.eu\/pt\/wp-json\/wp\/v2\/posts\/73\/revisions\/74"}],"wp:attachment":[{"href":"https:\/\/www.geolitho.eu\/pt\/wp-json\/wp\/v2\/media?parent=73"}],"wp:term":[{"taxonomy":"category","embeddable":true,"href":"https:\/\/www.geolitho.eu\/pt\/wp-json\/wp\/v2\/categories?post=73"},{"taxonomy":"post_tag","embeddable":true,"href":"https:\/\/www.geolitho.eu\/pt\/wp-json\/wp\/v2\/tags?post=73"}],"curies":[{"name":"wp","href":"https:\/\/api.w.org\/{rel}","templated":true}]}}