{"id":90,"date":"2025-11-25T22:32:32","date_gmt":"2025-11-25T21:32:32","guid":{"rendered":"https:\/\/www.geolitho.eu\/pt\/?p=90"},"modified":"2026-02-06T01:13:29","modified_gmt":"2026-02-06T00:13:29","slug":"elecionar-alteracao-de-socios-e-de-direcao-na-fundacao-geolitho-ggmbh","status":"publish","type":"post","link":"https:\/\/www.geolitho.eu\/pt\/2025\/11\/25\/elecionar-alteracao-de-socios-e-de-direcao-na-fundacao-geolitho-ggmbh\/","title":{"rendered":"Altera\u00e7\u00e3o de s\u00f3cios e da ger\u00eancia na Geolitho Stiftung gGmbH"},"content":{"rendered":"\n<p>Alter\u00ada\u00e7\u00e3o de s\u00f3cios e de ger\u00ean\u00adcia na Fun\u00adda\u00e7\u00e3o Geolitho gGmbH<\/p>\n\n\n\n<p>Ap\u00f3s quase qua\u00adtro anos de inten\u00adso tra\u00adbal\u00adho vol\u00adun\u00adt\u00e1rio, <strong class>Dr. Man\u00adfred Seitz<\/strong>, cofun\u00addador e at\u00e9 ago\u00adra dire\u00adtor-ger\u00adente, trans\u00adfere as suas par\u00adtic\u00adi\u00adpa\u00e7\u00f5es na Fun\u00adda\u00e7\u00e3o Geolitho e deixa o con\u00adsel\u00adho de admin\u00adis\u00adtra\u00e7\u00e3o. A respon\u00ads\u00adabil\u00adi\u00addade pas\u00adsar\u00e1, dora\u00advante, para <strong class>Matthias Fieser<\/strong>.<\/p>\n\n\n\n<h3 class=\"wp-block-heading\">Manfred Seitz \u2013 esp\u00edrito fundador e pioneiro<\/h3>\n\n\n\n<p>Emb\u00ado\u00adra a Fun\u00adda\u00e7\u00e3o Geolitho ten\u00adha sido cri\u00ada\u00adda ape\u00adnas em 2021, o seu suces\u00adso assen\u00adta numa base con\u00adstru\u00ed\u00adda des\u00adde 2001 por Dr. Seitz: a <strong class>Lithothek<\/strong>, uma cole\u00e7\u00e3o comu\u00adnit\u00e1ria que ele desen\u00advolveu, em con\u00adjun\u00adto com um pequeno grupo de entu\u00adsi\u00adas\u00adtas, at\u00e9 se tornar uma insti\u00adtu\u00adi\u00e7\u00e3o recon\u00adheci\u00adda inter\u00adna\u00adcional\u00admente.<\/p>\n\n\n\n<p>Com quase 90 anos, o Dr. Seitz dese\u00adja, por raz\u00f5es de idade, del\u00ade\u00adgar as suas fun\u00e7\u00f5es para se poder con\u00adcen\u00adtrar nova\u00admente no essen\u00adcial: o acon\u00adsel\u00adhamen\u00adto e o apoio \u00e0 Lithothek a par\u00adtir dos basti\u00addores. Pelo seu empen\u00adho con\u00adt\u00edn\u00aduo, expres\u00adsamos o nos\u00adso mais pro\u00adfun\u00addo agradec\u00adi\u00admen\u00adto e a nos\u00adsa maior esti\u00adma.<\/p>\n\n\n\n<h3 class=\"wp-block-heading\">Matthias Fieser \u2013 novo s\u00f3cio e diretor-gerente<\/h3>\n\n\n\n<p>Feliz\u00admente, con\u00adseguimos con\u00adquis\u00adtar <strong class>Matthias Fieser<\/strong>, que con\u00adsid\u00ader\u00adamos um suces\u00adsor dig\u00adno e empen\u00adhado. Con\u00adhece\u00admo-lo ini\u00adcial\u00admente atrav\u00e9s das suas com\u00adpras reg\u00adu\u00adlares no nos\u00adso mer\u00adca\u00addo; des\u00adde ent\u00e3o, envolve-se v\u00e1rias vezes por sem\u00adana, pres\u00aden\u00adcial\u00admente, na Lithothek.<\/p>\n\n\n\n<p>Matthias re\u00fane todos os req\u00adui\u00adsi\u00adtos necess\u00e1rios \u2013 sobre\u00adtu\u00addo ener\u00adgia, ideias fres\u00adcas e a von\u00adtade de desen\u00advolver a fun\u00adda\u00e7\u00e3o. Com cer\u00adca de 50 anos, \u00e9 um ver\u00addadeiro enriquec\u00adi\u00admen\u00adto para a nos\u00adsa equipa. N\u00e3o evi\u00adta esfor\u00e7os, est\u00e1 pre\u00adsente onde a aju\u00adda \u00e9 necess\u00e1ria e, gra\u00e7as \u00e0 sua situ\u00ada\u00e7\u00e3o profis\u00adsion\u00adal est\u00e1v\u00adel, pode dedicar mais tem\u00adpo \u00e0 fun\u00adda\u00e7\u00e3o.<\/p>\n\n\n\n<p>Quem esteve pre\u00adsente na <strong class>Munich Show 2025<\/strong> poder\u00e1 j\u00e1 t\u00ea-lo vis\u00adto no stand dos Ami\u00adgos de Min\u00aderais de Munique, onde colaborou ati\u00adva\u00admente.<\/p>\n\n\n\n<h3 class=\"wp-block-heading\">A estrutura societ\u00e1ria mant\u00e9m-se inalterada<\/h3>\n\n\n\n<p>Ap\u00f3s a alter\u00ada\u00e7\u00e3o, Matthias Fieser e Ste\u00adfan Schorn con\u00adtin\u00adu\u00adam a deter, cada um, a mes\u00adma par\u00adtic\u00adi\u00adpa\u00e7\u00e3o na fun\u00adda\u00e7\u00e3o, enquan\u00adto G\u00fcn\u00adter Frenz man\u00adt\u00e9m a sua par\u00adtic\u00adi\u00adpa\u00e7\u00e3o minorit\u00e1ria. A for\u00admal\u00adiza\u00ad\u00e7\u00e3o notar\u00adi\u00adal da alter\u00ada\u00e7\u00e3o de s\u00f3cios e de ger\u00ean\u00adcia teve lugar em <strong class>25 de novem\u00adbro de 2025<\/strong>.<\/p>\n\n\n\n<p>Agrade\u00adce\u00admos ao Dr. Man\u00adfred Seitz pela sua extra\u00adordin\u00e1ria obra de vida e damos as boas-vin\u00addas a Matthias Fieser. Em con\u00adjun\u00adto, pre\u00adtendemos con\u00adtin\u00aduar a for\u00adt\u00adale\u00adcer os pro\u00adje\u00adtos da fun\u00adda\u00e7\u00e3o e pro\u00admover de for\u00adma sus\u00adten\u00adt\u00e1v\u00adel o inter\u00adesse pela geolo\u00adgia.<\/p>\n","protected":false},"excerpt":{"rendered":"<p>Alter\u00ada\u00e7\u00e3o de s\u00f3cios e de ger\u00ean\u00adcia na Fun\u00adda\u00e7\u00e3o Geolitho gGmbH Ap\u00f3s quase qua\u00adtro anos de inten\u00adso tra\u00adbal\u00adho vol\u00adun\u00adt\u00e1rio, Dr. Man\u00adfred Seitz, cofun\u00addador e at\u00e9 ago\u00adra dire\u00ad\u00adtor-ger\u00adente, trans\u00adfere as suas par\u00adtic\u00adi\u00adpa\u00e7\u00f5es na Fun\u00adda\u00e7\u00e3o Geolitho e deixa o con\u00adsel\u00adho de admin\u00adis\u00adtra\u00e7\u00e3o. A respon\u00ads\u00adabil\u00adi\u00addade pas\u00adsar\u00e1, dora\u00advante, para Matthias Fieser. Man\u00adfred Seitz \u2013 esp\u00edri\u00adto fun\u00addador e pio\u00adneiro Emb\u00ado\u00adra a\u2026 <a class=\"more-link\" href=\"https:\/\/www.geolitho.eu\/pt\/2025\/11\/25\/elecionar-alteracao-de-socios-e-de-direcao-na-fundacao-geolitho-ggmbh\/\">Con\u00adtin\u00adue a ler <span class=\"screen-reader-text\">Alter\u00ada\u00e7\u00e3o de s\u00f3cios e da ger\u00ean\u00adcia na Geolitho Stiftung gGmbH<\/span><\/a><\/p>\n","protected":false},"author":1,"featured_media":0,"comment_status":"closed","ping_status":"closed","sticky":false,"template":"","format":"standard","meta":{"wp_typography_post_enhancements_disabled":false,"footnotes":""},"categories":[6,1],"tags":[],"class_list":["post-90","post","type-post","status-publish","format-standard","hentry","category-fundacao","category-geral","entry"],"yoast_head":"<!-- This site is optimized with the Yoast SEO plugin v26.9 - https:\/\/yoast.com\/product\/yoast-seo-wordpress\/ -->\n<title>Altera\u00e7\u00e3o de s\u00f3cios e da ger\u00eancia na Geolitho Stiftung gGmbH - Funda\u00e7\u00e3o Geolitho gGmbH<\/title>\n<meta name=\"robots\" content=\"index, follow, max-snippet:-1, max-image-preview:large, max-video-preview:-1\" \/>\n<link rel=\"canonical\" href=\"https:\/\/www.geolitho.eu\/pt\/2025\/11\/25\/elecionar-alteracao-de-socios-e-de-direcao-na-fundacao-geolitho-ggmbh\/\" \/>\n<meta property=\"og:locale\" content=\"pt_PT\" \/>\n<meta property=\"og:type\" content=\"article\" \/>\n<meta property=\"og:title\" content=\"Altera\u00e7\u00e3o de s\u00f3cios e da ger\u00eancia na Geolitho Stiftung gGmbH - Funda\u00e7\u00e3o Geolitho gGmbH\" \/>\n<meta property=\"og:description\" content=\"Alter\u00ada\u00e7\u00e3o de s\u00f3cios e de ger\u00ean\u00adcia na Fun\u00adda\u00e7\u00e3o Geolitho gGmbH Ap\u00f3s quase qua\u00adtro anos de inten\u00adso tra\u00adbal\u00adho vol\u00adun\u00adt\u00e1rio, Dr. Man\u00adfred Seitz, cofun\u00addador e at\u00e9 ago\u00adra dire\u00adtor-ger\u00adente, trans\u00adfere as suas par\u00adtic\u00adi\u00adpa\u00e7\u00f5es na Fun\u00adda\u00e7\u00e3o Geolitho e deixa o con\u00adsel\u00adho de admin\u00adis\u00adtra\u00e7\u00e3o. A respon\u00ads\u00adabil\u00adi\u00addade pas\u00adsar\u00e1, dora\u00advante, para Matthias Fieser. Manfred Seitz \u2013 esp\u00edrito fundador e pioneiro Emb\u00ado\u00adra a&hellip; Continue a ler Altera\u00e7\u00e3o de s\u00f3cios e da ger\u00eancia na Geolitho Stiftung gGmbH\" \/>\n<meta property=\"og:url\" content=\"https:\/\/www.geolitho.eu\/pt\/2025\/11\/25\/elecionar-alteracao-de-socios-e-de-direcao-na-fundacao-geolitho-ggmbh\/\" \/>\n<meta property=\"og:site_name\" content=\"Funda\u00e7\u00e3o Geolitho gGmbH\" \/>\n<meta property=\"article:published_time\" content=\"2025-11-25T21:32:32+00:00\" \/>\n<meta property=\"article:modified_time\" content=\"2026-02-06T00:13:29+00:00\" \/>\n<meta name=\"author\" content=\"Stefan\" \/>\n<meta name=\"twitter:card\" content=\"summary_large_image\" \/>\n<meta name=\"twitter:label1\" content=\"Escrito por\" \/>\n\t<meta name=\"twitter:data1\" content=\"Stefan\" \/>\n\t<meta name=\"twitter:label2\" content=\"Tempo estimado de leitura\" \/>\n\t<meta name=\"twitter:data2\" content=\"2 minutos\" \/>\n<script type=\"application\/ld+json\" class=\"yoast-schema-graph\">{\"@context\":\"https:\/\/schema.org\",\"@graph\":[{\"@type\":\"Article\",\"@id\":\"https:\/\/www.geolitho.eu\/pt\/2025\/11\/25\/elecionar-alteracao-de-socios-e-de-direcao-na-fundacao-geolitho-ggmbh\/#article\",\"isPartOf\":{\"@id\":\"https:\/\/www.geolitho.eu\/pt\/2025\/11\/25\/elecionar-alteracao-de-socios-e-de-direcao-na-fundacao-geolitho-ggmbh\/\"},\"author\":{\"name\":\"Stefan\",\"@id\":\"https:\/\/www.geolitho.eu\/pt\/#\/schema\/person\/4933a685152af90ec37bd3bde97d2fd5\"},\"headline\":\"Altera\u00e7\u00e3o de s\u00f3cios e da ger\u00eancia na Geolitho Stiftung gGmbH\",\"datePublished\":\"2025-11-25T21:32:32+00:00\",\"dateModified\":\"2026-02-06T00:13:29+00:00\",\"mainEntityOfPage\":{\"@id\":\"https:\/\/www.geolitho.eu\/pt\/2025\/11\/25\/elecionar-alteracao-de-socios-e-de-direcao-na-fundacao-geolitho-ggmbh\/\"},\"wordCount\":396,\"publisher\":{\"@id\":\"https:\/\/www.geolitho.eu\/pt\/#organization\"},\"articleSection\":[\"Funda\u00e7\u00e3o\",\"Geral\"],\"inLanguage\":\"pt-PT\"},{\"@type\":\"WebPage\",\"@id\":\"https:\/\/www.geolitho.eu\/pt\/2025\/11\/25\/elecionar-alteracao-de-socios-e-de-direcao-na-fundacao-geolitho-ggmbh\/\",\"url\":\"https:\/\/www.geolitho.eu\/pt\/2025\/11\/25\/elecionar-alteracao-de-socios-e-de-direcao-na-fundacao-geolitho-ggmbh\/\",\"name\":\"Altera\u00e7\u00e3o de s\u00f3cios e da ger\u00eancia na Geolitho Stiftung gGmbH - Funda\u00e7\u00e3o Geolitho gGmbH\",\"isPartOf\":{\"@id\":\"https:\/\/www.geolitho.eu\/pt\/#website\"},\"datePublished\":\"2025-11-25T21:32:32+00:00\",\"dateModified\":\"2026-02-06T00:13:29+00:00\",\"breadcrumb\":{\"@id\":\"https:\/\/www.geolitho.eu\/pt\/2025\/11\/25\/elecionar-alteracao-de-socios-e-de-direcao-na-fundacao-geolitho-ggmbh\/#breadcrumb\"},\"inLanguage\":\"pt-PT\",\"potentialAction\":[{\"@type\":\"ReadAction\",\"target\":[\"https:\/\/www.geolitho.eu\/pt\/2025\/11\/25\/elecionar-alteracao-de-socios-e-de-direcao-na-fundacao-geolitho-ggmbh\/\"]}]},{\"@type\":\"BreadcrumbList\",\"@id\":\"https:\/\/www.geolitho.eu\/pt\/2025\/11\/25\/elecionar-alteracao-de-socios-e-de-direcao-na-fundacao-geolitho-ggmbh\/#breadcrumb\",\"itemListElement\":[{\"@type\":\"ListItem\",\"position\":1,\"name\":\"Start\",\"item\":\"https:\/\/www.geolitho.eu\/pt\/\"},{\"@type\":\"ListItem\",\"position\":2,\"name\":\"Altera\u00e7\u00e3o de s\u00f3cios e da ger\u00eancia na Geolitho Stiftung gGmbH\"}]},{\"@type\":\"WebSite\",\"@id\":\"https:\/\/www.geolitho.eu\/pt\/#website\",\"url\":\"https:\/\/www.geolitho.eu\/pt\/\",\"name\":\"Funda\u00e7\u00e3o Geolitho gGmbH\",\"description\":\"Geolitho \u2013 Mineralogia e Geologia para Vivenciar.\",\"publisher\":{\"@id\":\"https:\/\/www.geolitho.eu\/pt\/#organization\"},\"potentialAction\":[{\"@type\":\"SearchAction\",\"target\":{\"@type\":\"EntryPoint\",\"urlTemplate\":\"https:\/\/www.geolitho.eu\/pt\/?s={search_term_string}\"},\"query-input\":{\"@type\":\"PropertyValueSpecification\",\"valueRequired\":true,\"valueName\":\"search_term_string\"}}],\"inLanguage\":\"pt-PT\"},{\"@type\":\"Organization\",\"@id\":\"https:\/\/www.geolitho.eu\/pt\/#organization\",\"name\":\"Funda\u00e7\u00e3o Geolitho gGmbH\",\"url\":\"https:\/\/www.geolitho.eu\/pt\/\",\"logo\":{\"@type\":\"ImageObject\",\"inLanguage\":\"pt-PT\",\"@id\":\"https:\/\/www.geolitho.eu\/pt\/#\/schema\/logo\/image\/\",\"url\":\"https:\/\/www.geolitho.eu\/pt\/wp-content\/uploads\/sites\/7\/2026\/01\/geolitho-hellgrau.png\",\"contentUrl\":\"https:\/\/www.geolitho.eu\/pt\/wp-content\/uploads\/sites\/7\/2026\/01\/geolitho-hellgrau.png\",\"width\":900,\"height\":142,\"caption\":\"Funda\u00e7\u00e3o Geolitho gGmbH\"},\"image\":{\"@id\":\"https:\/\/www.geolitho.eu\/pt\/#\/schema\/logo\/image\/\"}},{\"@type\":\"Person\",\"@id\":\"https:\/\/www.geolitho.eu\/pt\/#\/schema\/person\/4933a685152af90ec37bd3bde97d2fd5\",\"name\":\"Stefan\",\"image\":{\"@type\":\"ImageObject\",\"inLanguage\":\"pt-PT\",\"@id\":\"https:\/\/www.geolitho.eu\/pt\/#\/schema\/person\/image\/\",\"url\":\"https:\/\/secure.gravatar.com\/avatar\/cc223dfb006edac6a335f532bbec2512832cae7812e02982a2df922ca3c39354?s=96&d=mm&r=g\",\"contentUrl\":\"https:\/\/secure.gravatar.com\/avatar\/cc223dfb006edac6a335f532bbec2512832cae7812e02982a2df922ca3c39354?s=96&d=mm&r=g\",\"caption\":\"Stefan\"},\"sameAs\":[\"https:\/\/www.geolitho.eu\/wordpress\"],\"url\":\"https:\/\/www.geolitho.eu\/pt\/author\/stefan\/\"}]}<\/script>\n<!-- \/ Yoast SEO plugin. -->","yoast_head_json":{"title":"Altera\u00e7\u00e3o de s\u00f3cios e da ger\u00eancia na Geolitho Stiftung gGmbH - Funda\u00e7\u00e3o Geolitho gGmbH","robots":{"index":"index","follow":"follow","max-snippet":"max-snippet:-1","max-image-preview":"max-image-preview:large","max-video-preview":"max-video-preview:-1"},"canonical":"https:\/\/www.geolitho.eu\/pt\/2025\/11\/25\/elecionar-alteracao-de-socios-e-de-direcao-na-fundacao-geolitho-ggmbh\/","og_locale":"pt_PT","og_type":"article","og_title":"Altera\u00e7\u00e3o de s\u00f3cios e da ger\u00eancia na Geolitho Stiftung gGmbH - Funda\u00e7\u00e3o Geolitho gGmbH","og_description":"Alter\u00ada\u00e7\u00e3o de s\u00f3cios e de ger\u00ean\u00adcia na Fun\u00adda\u00e7\u00e3o Geolitho gGmbH Ap\u00f3s quase qua\u00adtro anos de inten\u00adso tra\u00adbal\u00adho vol\u00adun\u00adt\u00e1rio, Dr. Man\u00adfred Seitz, cofun\u00addador e at\u00e9 ago\u00adra dire\u00adtor-ger\u00adente, trans\u00adfere as suas par\u00adtic\u00adi\u00adpa\u00e7\u00f5es na Fun\u00adda\u00e7\u00e3o Geolitho e deixa o con\u00adsel\u00adho de admin\u00adis\u00adtra\u00e7\u00e3o. A respon\u00ads\u00adabil\u00adi\u00addade pas\u00adsar\u00e1, dora\u00advante, para Matthias Fieser. Manfred Seitz \u2013 esp\u00edrito fundador e pioneiro Emb\u00ado\u00adra a&hellip; Continue a ler Altera\u00e7\u00e3o de s\u00f3cios e da ger\u00eancia na Geolitho Stiftung gGmbH","og_url":"https:\/\/www.geolitho.eu\/pt\/2025\/11\/25\/elecionar-alteracao-de-socios-e-de-direcao-na-fundacao-geolitho-ggmbh\/","og_site_name":"Funda\u00e7\u00e3o Geolitho gGmbH","article_published_time":"2025-11-25T21:32:32+00:00","article_modified_time":"2026-02-06T00:13:29+00:00","author":"Stefan","twitter_card":"summary_large_image","twitter_misc":{"Escrito por":"Stefan","Tempo estimado de leitura":"2 minutos"},"schema":{"@context":"https:\/\/schema.org","@graph":[{"@type":"Article","@id":"https:\/\/www.geolitho.eu\/pt\/2025\/11\/25\/elecionar-alteracao-de-socios-e-de-direcao-na-fundacao-geolitho-ggmbh\/#article","isPartOf":{"@id":"https:\/\/www.geolitho.eu\/pt\/2025\/11\/25\/elecionar-alteracao-de-socios-e-de-direcao-na-fundacao-geolitho-ggmbh\/"},"author":{"name":"Stefan","@id":"https:\/\/www.geolitho.eu\/pt\/#\/schema\/person\/4933a685152af90ec37bd3bde97d2fd5"},"headline":"Altera\u00e7\u00e3o de s\u00f3cios e da ger\u00eancia na Geolitho Stiftung gGmbH","datePublished":"2025-11-25T21:32:32+00:00","dateModified":"2026-02-06T00:13:29+00:00","mainEntityOfPage":{"@id":"https:\/\/www.geolitho.eu\/pt\/2025\/11\/25\/elecionar-alteracao-de-socios-e-de-direcao-na-fundacao-geolitho-ggmbh\/"},"wordCount":396,"publisher":{"@id":"https:\/\/www.geolitho.eu\/pt\/#organization"},"articleSection":["Funda\u00e7\u00e3o","Geral"],"inLanguage":"pt-PT"},{"@type":"WebPage","@id":"https:\/\/www.geolitho.eu\/pt\/2025\/11\/25\/elecionar-alteracao-de-socios-e-de-direcao-na-fundacao-geolitho-ggmbh\/","url":"https:\/\/www.geolitho.eu\/pt\/2025\/11\/25\/elecionar-alteracao-de-socios-e-de-direcao-na-fundacao-geolitho-ggmbh\/","name":"Altera\u00e7\u00e3o de s\u00f3cios e da ger\u00eancia na Geolitho Stiftung gGmbH - Funda\u00e7\u00e3o Geolitho gGmbH","isPartOf":{"@id":"https:\/\/www.geolitho.eu\/pt\/#website"},"datePublished":"2025-11-25T21:32:32+00:00","dateModified":"2026-02-06T00:13:29+00:00","breadcrumb":{"@id":"https:\/\/www.geolitho.eu\/pt\/2025\/11\/25\/elecionar-alteracao-de-socios-e-de-direcao-na-fundacao-geolitho-ggmbh\/#breadcrumb"},"inLanguage":"pt-PT","potentialAction":[{"@type":"ReadAction","target":["https:\/\/www.geolitho.eu\/pt\/2025\/11\/25\/elecionar-alteracao-de-socios-e-de-direcao-na-fundacao-geolitho-ggmbh\/"]}]},{"@type":"BreadcrumbList","@id":"https:\/\/www.geolitho.eu\/pt\/2025\/11\/25\/elecionar-alteracao-de-socios-e-de-direcao-na-fundacao-geolitho-ggmbh\/#breadcrumb","itemListElement":[{"@type":"ListItem","position":1,"name":"Start","item":"https:\/\/www.geolitho.eu\/pt\/"},{"@type":"ListItem","position":2,"name":"Altera\u00e7\u00e3o de s\u00f3cios e da ger\u00eancia na Geolitho Stiftung gGmbH"}]},{"@type":"WebSite","@id":"https:\/\/www.geolitho.eu\/pt\/#website","url":"https:\/\/www.geolitho.eu\/pt\/","name":"Funda\u00e7\u00e3o Geolitho gGmbH","description":"Geolitho \u2013 Mineralogia e Geologia para Vivenciar.","publisher":{"@id":"https:\/\/www.geolitho.eu\/pt\/#organization"},"potentialAction":[{"@type":"SearchAction","target":{"@type":"EntryPoint","urlTemplate":"https:\/\/www.geolitho.eu\/pt\/?s={search_term_string}"},"query-input":{"@type":"PropertyValueSpecification","valueRequired":true,"valueName":"search_term_string"}}],"inLanguage":"pt-PT"},{"@type":"Organization","@id":"https:\/\/www.geolitho.eu\/pt\/#organization","name":"Funda\u00e7\u00e3o Geolitho gGmbH","url":"https:\/\/www.geolitho.eu\/pt\/","logo":{"@type":"ImageObject","inLanguage":"pt-PT","@id":"https:\/\/www.geolitho.eu\/pt\/#\/schema\/logo\/image\/","url":"https:\/\/www.geolitho.eu\/pt\/wp-content\/uploads\/sites\/7\/2026\/01\/geolitho-hellgrau.png","contentUrl":"https:\/\/www.geolitho.eu\/pt\/wp-content\/uploads\/sites\/7\/2026\/01\/geolitho-hellgrau.png","width":900,"height":142,"caption":"Funda\u00e7\u00e3o Geolitho gGmbH"},"image":{"@id":"https:\/\/www.geolitho.eu\/pt\/#\/schema\/logo\/image\/"}},{"@type":"Person","@id":"https:\/\/www.geolitho.eu\/pt\/#\/schema\/person\/4933a685152af90ec37bd3bde97d2fd5","name":"Stefan","image":{"@type":"ImageObject","inLanguage":"pt-PT","@id":"https:\/\/www.geolitho.eu\/pt\/#\/schema\/person\/image\/","url":"https:\/\/secure.gravatar.com\/avatar\/cc223dfb006edac6a335f532bbec2512832cae7812e02982a2df922ca3c39354?s=96&d=mm&r=g","contentUrl":"https:\/\/secure.gravatar.com\/avatar\/cc223dfb006edac6a335f532bbec2512832cae7812e02982a2df922ca3c39354?s=96&d=mm&r=g","caption":"Stefan"},"sameAs":["https:\/\/www.geolitho.eu\/wordpress"],"url":"https:\/\/www.geolitho.eu\/pt\/author\/stefan\/"}]}},"_links":{"self":[{"href":"https:\/\/www.geolitho.eu\/pt\/wp-json\/wp\/v2\/posts\/90","targetHints":{"allow":["GET"]}}],"collection":[{"href":"https:\/\/www.geolitho.eu\/pt\/wp-json\/wp\/v2\/posts"}],"about":[{"href":"https:\/\/www.geolitho.eu\/pt\/wp-json\/wp\/v2\/types\/post"}],"author":[{"embeddable":true,"href":"https:\/\/www.geolitho.eu\/pt\/wp-json\/wp\/v2\/users\/1"}],"replies":[{"embeddable":true,"href":"https:\/\/www.geolitho.eu\/pt\/wp-json\/wp\/v2\/comments?post=90"}],"version-history":[{"count":2,"href":"https:\/\/www.geolitho.eu\/pt\/wp-json\/wp\/v2\/posts\/90\/revisions"}],"predecessor-version":[{"id":92,"href":"https:\/\/www.geolitho.eu\/pt\/wp-json\/wp\/v2\/posts\/90\/revisions\/92"}],"wp:attachment":[{"href":"https:\/\/www.geolitho.eu\/pt\/wp-json\/wp\/v2\/media?parent=90"}],"wp:term":[{"taxonomy":"category","embeddable":true,"href":"https:\/\/www.geolitho.eu\/pt\/wp-json\/wp\/v2\/categories?post=90"},{"taxonomy":"post_tag","embeddable":true,"href":"https:\/\/www.geolitho.eu\/pt\/wp-json\/wp\/v2\/tags?post=90"}],"curies":[{"name":"wp","href":"https:\/\/api.w.org\/{rel}","templated":true}]}}